{"id":3775,"date":"2022-06-13T01:50:37","date_gmt":"2022-06-13T01:50:37","guid":{"rendered":"http:\/\/lavereda.com.mx\/?p=3775"},"modified":"2022-06-13T01:50:39","modified_gmt":"2022-06-13T01:50:39","slug":"black-mirror-oso-blanco","status":"publish","type":"post","link":"https:\/\/lavereda.com.mx\/index.php\/2022\/06\/13\/black-mirror-oso-blanco\/","title":{"rendered":"Black Mirror: Oso Blanco"},"content":{"rendered":"\n<p><strong>Black Mirror: White Bear, 2019<\/strong><\/p>\n\n\n\n<p>Netflix<\/p>\n\n\n\n<p>Victoria despierta atada. Obviamente es v\u00edctima de un secuestro. Cuando consigue liberarse, comienza a correr pero, extra\u00f1amente, mientras avanza por las calles de la comunidad que habita se da cuenta de que los vecinos la videograban con sus tel\u00e9fonos celulares.<\/p>\n\n\n\n<p>Un tipo temible, armado con una pavorosa escopeta, lo persigue dispar\u00e1ndole para matarla, pero nadie est\u00e1 dispuesto a ayudarla. \u00bfQu\u00e9 est\u00e1 pasando?<\/p>\n\n\n\n<p>Este exitoso episodio de la serie brit\u00e1nica, sobre los efectos funestos de la tecnolog\u00eda en la humanidad, es una cr\u00edtica a la sociedad hiperconectada y a la cultura de la tragedia convertida en espect\u00e1culo.<\/p>\n\n\n\n<p>La mujer se consume en la angustia, pide a gritos auxilio, pero solo encuentra diferencia entre fr\u00edos espectadores que la acosan con sus dispositivos m\u00f3viles. Al borde de la locura, por el p\u00e1nico que le provoca la persecuci\u00f3n, no encuentra la salida en ese laberinto de casas donde lo que espera es \u00fanicamente el fin de su tormento.<\/p>\n\n\n\n<p>El desenlace, como teatro del absurdo, replantea toda la historia y, en los cr\u00e9ditos finales se rebela qu\u00e9 es lo que exactamente ocurri\u00f3. Se sabe, entonces, que Victoria no es la v\u00edctima que se supon\u00eda.<\/p>\n\n\n\n<p>Es como un cuento corto de Ray Bradbury, con su variante tecnol\u00f3gica actual.<\/p>\n\n\n\n<p>Impactante.<\/p>\n\n\n\n<p>(R. Restringido; menores de 17 deben estar acompa\u00f1ados de sus padres)<\/p>\n\n\n\n<p>@LucianoCamposG<\/p>\n\n\n\n<figure class=\"wp-block-embed is-type-video is-provider-youtube wp-block-embed-youtube wp-embed-aspect-16-9 wp-has-aspect-ratio\"><div class=\"wp-block-embed__wrapper\">\n<iframe title=\"Black Mirror | White Bear Trailer\" width=\"1170\" height=\"658\" src=\"https:\/\/www.youtube.com\/embed\/z2spS4Lc3CM?feature=oembed\" frameborder=\"0\" allow=\"accelerometer; autoplay; clipboard-write; encrypted-media; gyroscope; picture-in-picture\" allowfullscreen><\/iframe>\n<\/div><\/figure>\n","protected":false},"excerpt":{"rendered":"<p>Black Mirror: White Bear, 2019 Netflix Victoria despierta atada. Obviamente es v\u00edctima de un secuestro. Cuando consigue liberarse, comienza a correr pero, extra\u00f1amente, mientras avanza por las calles de la &hellip; <a href=\"https:\/\/lavereda.com.mx\/index.php\/2022\/06\/13\/black-mirror-oso-blanco\/\" class=\"more-link\">Leer m\u00e1s<\/a><\/p>\n","protected":false},"author":3,"featured_media":3776,"comment_status":"open","ping_status":"open","sticky":false,"template":"","format":"standard","meta":{"footnotes":""},"categories":[6],"tags":[],"class_list":["post-3775","post","type-post","status-publish","format-standard","has-post-thumbnail","hentry","category-cinetv","entry"],"_links":{"self":[{"href":"https:\/\/lavereda.com.mx\/index.php\/wp-json\/wp\/v2\/posts\/3775","targetHints":{"allow":["GET"]}}],"collection":[{"href":"https:\/\/lavereda.com.mx\/index.php\/wp-json\/wp\/v2\/posts"}],"about":[{"href":"https:\/\/lavereda.com.mx\/index.php\/wp-json\/wp\/v2\/types\/post"}],"author":[{"embeddable":true,"href":"https:\/\/lavereda.com.mx\/index.php\/wp-json\/wp\/v2\/users\/3"}],"replies":[{"embeddable":true,"href":"https:\/\/lavereda.com.mx\/index.php\/wp-json\/wp\/v2\/comments?post=3775"}],"version-history":[{"count":1,"href":"https:\/\/lavereda.com.mx\/index.php\/wp-json\/wp\/v2\/posts\/3775\/revisions"}],"predecessor-version":[{"id":3777,"href":"https:\/\/lavereda.com.mx\/index.php\/wp-json\/wp\/v2\/posts\/3775\/revisions\/3777"}],"wp:featuredmedia":[{"embeddable":true,"href":"https:\/\/lavereda.com.mx\/index.php\/wp-json\/wp\/v2\/media\/3776"}],"wp:attachment":[{"href":"https:\/\/lavereda.com.mx\/index.php\/wp-json\/wp\/v2\/media?parent=3775"}],"wp:term":[{"taxonomy":"category","embeddable":true,"href":"https:\/\/lavereda.com.mx\/index.php\/wp-json\/wp\/v2\/categories?post=3775"},{"taxonomy":"post_tag","embeddable":true,"href":"https:\/\/lavereda.com.mx\/index.php\/wp-json\/wp\/v2\/tags?post=3775"}],"curies":[{"name":"wp","href":"https:\/\/api.w.org\/{rel}","templated":true}]}}