{"id":3770,"date":"2022-06-11T19:47:22","date_gmt":"2022-06-11T19:47:22","guid":{"rendered":"http:\/\/lavereda.com.mx\/?p=3770"},"modified":"2022-06-11T19:52:28","modified_gmt":"2022-06-11T19:52:28","slug":"una-moderna-cenicienta-se-estreno-en-el-teatro-nazas","status":"publish","type":"post","link":"https:\/\/lavereda.com.mx\/index.php\/2022\/06\/11\/una-moderna-cenicienta-se-estreno-en-el-teatro-nazas\/","title":{"rendered":"Una moderna Cenicienta se estren\u00f3 en el Teatro Nazas"},"content":{"rendered":"\n<ul class=\"wp-block-list\"><li><em>La \u00f3pera de Camerata de Coahuila se estren\u00f3 este viernes y repetir\u00e1 funci\u00f3n el domingo a las 18:00 horas.<\/em><\/li><\/ul>\n\n\n\n<p>Cenicienta no lleg\u00f3 a la fiesta en un carruaje, lleg\u00f3 en un&nbsp;autom\u00f3vil&nbsp;de lujo. Sus hermanastras vest\u00edan ropa deportiva antes de conocer al pr\u00edncipe de la historia y todos los personajes de este cuento, se reg\u00edan por la moda de los celulares y dispositivos electr\u00f3nicos.<\/p>\n\n\n\n<p>La Camerata de Coahuila, en conjunto con un elenco de cantantes de primer nivel, present\u00f3 anoche en el Teatro Nazas, una moderna versi\u00f3n de La Cenicienta \u201cLa Cenerentola\u201d de Rossini, adaptada al siglo XXI.<\/p>\n\n\n\n<p>En esta producci\u00f3n que la Camerata logr\u00f3 a trav\u00e9s del apoyo del est\u00edmulo fiscal Efiartes, se ofreci\u00f3 al p\u00fablico una versi\u00f3n con elementos contempor\u00e1neos en la escenograf\u00eda, vestuario, luces, que contrastaban con la excelsa m\u00fasica del siglo XIX, compuesta por Rossini a la edad de 25 a\u00f1os.&nbsp;<\/p>\n\n\n\n<p>La historia no se desarrollaba en una mansi\u00f3n como el cuento de hadas, sino en un departamento con la \u00e9poca actual. El tel\u00f3n se abri\u00f3 a las 20:00 horas ante un teatro con muy buena asistencia, en seguida aparecieron las hermanastras de Cencienta, interperetadas por la soprano saltillense Alejandra L\u00f3pez Fuentes y la soprano lagunera \u00c9lida Rocha Tisbe.<\/p>\n\n\n\n<p>En el papel de Cenicienta (Angelina) destac\u00f3 en todo momento la mezzosoprano Guadalupe Paz, ganadora del Premio Rossini, quien desarroll\u00f3 una intepretaci\u00f3n de calidad, tanto en canto como en actuaci\u00f3n.<\/p>\n\n\n\n<p>La similitud con el cuento de hadas, que la mayor\u00eda de la gente conoce v\u00eda Walt Disney, es que Cencienta es relegada a las labores de costura y del hogar, no es reconocida por la familia y presenta ese lado injusto de la vida en sociedad de las clases altas.<\/p>\n\n\n\n<p>En esta variaci\u00f3n la malvada madrastra fue sustituida por un padrastro, el hada madrina por un filosofo y tutor de Ramiro. Este \u00faltimo, intepretado por el tenor Efra\u00edn Corralejo, apareci\u00f3 en escena como un civil del siglo XXI, con playera del equipo Santos, una t\u00e9cnica que provoc\u00f3 entusiasmo en el p\u00fablico, al sentirse identificado con la realidad regional.<\/p>\n\n\n\n<p>El resto del elenco estuvo conformado por el bar\u00edtono Josu\u00e9 Cer\u00f3n en el rol de Don Magnifico (Padrastro);&nbsp;&nbsp;el bar\u00edtono Juan Carlos Heredia ganador del primer lugar en Operalia 2016, interpretando el papel de Dandini yel bajo Arturo L\u00f3pez dio vida a Alidoro (consejero de Ramiro).<\/p>\n\n\n\n<p>La m\u00fasica de Rossini, intepretada con cuidado y talento por la orquesta, fue el elemento conductor de esta \u00f3pera con momentos de gran belleza, que se distingu\u00edan en instrumentos como el c\u00e9mbalo. Un papel importante jug\u00f3 tambi\u00e9n el coro de voces masculinas del Instituto de M\u00fasica de Coahuila, dirigidos por la maestra Luz Alicia \u00c1vila.<\/p>\n\n\n\n<p>La Cenerentola, producci\u00f3n original de Camerata, con el Maestro Ram\u00f3n Shade como director concertador y Mabel Garza como directora de escena; se repite ma\u00f1ana domingo a las 18:00 horas en el Teatro Nazas.<\/p>\n\n\n\n<figure class=\"wp-block-image size-large\"><img fetchpriority=\"high\" decoding=\"async\" width=\"1000\" height=\"668\" src=\"https:\/\/lavereda.com.mx\/wp-content\/uploads\/2022\/06\/156.jpg\" alt=\"\" class=\"wp-image-3771\" srcset=\"https:\/\/lavereda.com.mx\/wp-content\/uploads\/2022\/06\/156.jpg 1000w, https:\/\/lavereda.com.mx\/wp-content\/uploads\/2022\/06\/156-300x200.jpg 300w, https:\/\/lavereda.com.mx\/wp-content\/uploads\/2022\/06\/156-768x513.jpg 768w\" sizes=\"(max-width: 1000px) 100vw, 1000px\" \/><\/figure>\n","protected":false},"excerpt":{"rendered":"<p>La \u00f3pera de Camerata de Coahuila se estren\u00f3 este viernes y repetir\u00e1 funci\u00f3n el domingo a las 18:00 horas. Cenicienta no lleg\u00f3 a la fiesta en un carruaje, lleg\u00f3 en &hellip; <a href=\"https:\/\/lavereda.com.mx\/index.php\/2022\/06\/11\/una-moderna-cenicienta-se-estreno-en-el-teatro-nazas\/\" class=\"more-link\">Leer m\u00e1s<\/a><\/p>\n","protected":false},"author":9,"featured_media":3772,"comment_status":"open","ping_status":"open","sticky":false,"template":"","format":"standard","meta":{"footnotes":""},"categories":[2,18],"tags":[],"class_list":["post-3770","post","type-post","status-publish","format-standard","has-post-thumbnail","hentry","category-artes-escenicas","category-lomasrelevante","entry"],"_links":{"self":[{"href":"https:\/\/lavereda.com.mx\/index.php\/wp-json\/wp\/v2\/posts\/3770","targetHints":{"allow":["GET"]}}],"collection":[{"href":"https:\/\/lavereda.com.mx\/index.php\/wp-json\/wp\/v2\/posts"}],"about":[{"href":"https:\/\/lavereda.com.mx\/index.php\/wp-json\/wp\/v2\/types\/post"}],"author":[{"embeddable":true,"href":"https:\/\/lavereda.com.mx\/index.php\/wp-json\/wp\/v2\/users\/9"}],"replies":[{"embeddable":true,"href":"https:\/\/lavereda.com.mx\/index.php\/wp-json\/wp\/v2\/comments?post=3770"}],"version-history":[{"count":2,"href":"https:\/\/lavereda.com.mx\/index.php\/wp-json\/wp\/v2\/posts\/3770\/revisions"}],"predecessor-version":[{"id":3774,"href":"https:\/\/lavereda.com.mx\/index.php\/wp-json\/wp\/v2\/posts\/3770\/revisions\/3774"}],"wp:featuredmedia":[{"embeddable":true,"href":"https:\/\/lavereda.com.mx\/index.php\/wp-json\/wp\/v2\/media\/3772"}],"wp:attachment":[{"href":"https:\/\/lavereda.com.mx\/index.php\/wp-json\/wp\/v2\/media?parent=3770"}],"wp:term":[{"taxonomy":"category","embeddable":true,"href":"https:\/\/lavereda.com.mx\/index.php\/wp-json\/wp\/v2\/categories?post=3770"},{"taxonomy":"post_tag","embeddable":true,"href":"https:\/\/lavereda.com.mx\/index.php\/wp-json\/wp\/v2\/tags?post=3770"}],"curies":[{"name":"wp","href":"https:\/\/api.w.org\/{rel}","templated":true}]}}