{"id":3762,"date":"2022-06-09T19:45:18","date_gmt":"2022-06-09T19:45:18","guid":{"rendered":"http:\/\/lavereda.com.mx\/?p=3762"},"modified":"2022-06-09T19:45:19","modified_gmt":"2022-06-09T19:45:19","slug":"proyectos-de-teatro-lagunero-obtienen-apoyo-federal-para-produccion","status":"publish","type":"post","link":"https:\/\/lavereda.com.mx\/index.php\/2022\/06\/09\/proyectos-de-teatro-lagunero-obtienen-apoyo-federal-para-produccion\/","title":{"rendered":"Proyectos de teatro lagunero obtienen apoyo federal para producci\u00f3n"},"content":{"rendered":"\n<p>Saltillo, Coahuila de Zaragoza.-  La Secretar\u00eda de Cultura de Coahuila dio a conocer que ya se tienen ganadores del \u201cPrograma de Premiaci\u00f3n a Proyectos de Producci\u00f3n Esc\u00e9nica\u201d, mismo que se realiz\u00f3 en coordinaci\u00f3n con la Secretar\u00eda de Cultura Federal (a trav\u00e9s del Centro Cultural Hel\u00e9nico) y que tiene como objetivo estimular la creaci\u00f3n esc\u00e9nica profesional entre la comunidad art\u00edstica del estado.<\/p>\n\n\n\n<p>Resultaron ganadoras las compa\u00f1\u00edas Desierto Teatro, con la obra \u201cSilvano Rey de los Vatos\u201d, y Compa\u00f1\u00eda Detestable Teatro, con \u201cLa Furia de Nicol\u00e1s\u201d, ambas de Torre\u00f3n.<\/p>\n\n\n\n<p>Lo anterior fue dado a conocer por la Secretaria de Cultura de Coahuila, Ana Sof\u00eda Garc\u00eda Camil, quien dijo: \u201dGracias al trabajo en coordinaci\u00f3n con las diferentes instancias p\u00fablicas y privadas se ha logrado continuar impulsando, a trav\u00e9s de diversos est\u00edmulos, a los artistas coahuilenses. Las metas de estos programas en coordinaci\u00f3n permiten en este caso enriquecer, diversificar y visibilizar la oferta teatral de Coahuila en todo el Pa\u00eds.\u201d<\/p>\n\n\n\n<p>\u201cEl desarrollo cultural de nuestro estado en materia teatral contin\u00faa dando y para muestra est\u00e1 la realizaci\u00f3n de la 42 Muestra Nacional de Teatro, en la que se dan cita los mejores exponentes nacionales de esta disciplina art\u00edstica, que har\u00e1 de nuestro estado su casa durante 9 d\u00edas del mes de noviembre\u201d, afirm\u00f3 Garc\u00eda Camil.<\/p>\n\n\n\n<p>\u201cLa Clika\u201d, espect\u00e1culo invitado a participar en el Festival La Maroma 2016. Particip\u00f3 en la Muestra estatal de Teatro Coahuila 2016 con la obra \u201cCurva Peligrosa\u201d, de Pilo Galindo, y en 2018 con la obra \u201cLa Clika\u201d, creaci\u00f3n colectiva.&nbsp;<\/p>\n\n\n\n<p>Crearon \u201cNo hablo, no veo, no escucho\u201d, espect\u00e1culo de calle que mezcla el teatro, el circo y la danza.&nbsp;<\/p>\n\n\n\n<p>Ganadores en la Muestra Estatal de Teatro de Coahuila 2020 con la obra \u201cBubble gum\u201d, de Pilo Galindo, con direcci\u00f3n de Arnulfo Reveles.&nbsp;<\/p>\n\n\n\n<p>Ganadora de la convocatoria Encuentro de Artes Circense del Noreste en 2020, con el proyecto \u201cLa historia invisible\u201d.&nbsp;<\/p>\n\n\n\n<p>Ganadora a la convocatoria Circuitos Nacional de Artes Esc\u00e9nicas en Espacios Independientes y al Festival de los Independientes 2021. &nbsp;<\/p>\n\n\n\n<p>Ganadora de la convocatoria \u201cTeatro de los Estados\u201d, del Teatro la Capillas 2022, con la obra \u201cBubble gum\u201d.<\/p>\n\n\n\n<p>Por su parte, la compa\u00f1\u00eda Desierto Teatro, originaria de Torre\u00f3n, se funda en 2012, a\u00f1o desde el que ha realizado la producci\u00f3n y exhibici\u00f3n en temporada de m\u00e1s de una docena de puestas en escena, participando en muestras, festivales art\u00edsticos y culturales, tales como la Muestra Estatal de Teatro en Coahuila de 2015 a 2020.&nbsp;<\/p>\n\n\n\n<p>En 2015 recibe una menci\u00f3n honor\u00edfica como la Mejor Propuesta Esc\u00e9nica, con la obra \u201cMujeres de arena\u201d, de Humberto Robles.&nbsp;<\/p>\n\n\n\n<p>De 2013 a 2016 particip\u00f3 en el Festival Teatral en \u201cHomenaje a Los Muertos\u201d en Coahuila y Durango.&nbsp;<\/p>\n\n\n\n<p>De 2015 a 2019 particip\u00f3 en el Festival Internacional de las Artes Julio Torri. En 2016 es ganadora del Programa Nacional de Teatro Escolar del INBAL en Coahuila, con la obra \u00abMemorias de dos hijos caracol\u00bb, de Antonio Z\u00fa\u00f1iga y Conchi Le\u00f3n.&nbsp;<\/p>\n\n\n\n<p>En 2016 y 2017 la compa\u00f1\u00eda participa en el Festival Internacional de Teatro EmbrujArte, en Escaz\u00fa, Costa Rica.<\/p>\n\n\n\n<p>Gan\u00f3 la edici\u00f3n 2017 de la Muestra Estatal de Teatro en Coahuila con la obra \u201cMatatena\u201d, de Antonio Z\u00fa\u00f1iga, represent\u00f3 al estado en la Muestra Regional, obteniendo el 2\u00ba. lugar. Ese mismo a\u00f1o fue parte de la Muestra Esc\u00e9nica de la Feria Internacional del Libro de Arteaga.<\/p>\n\n\n\n<p>En el Festival Internacional de Las Artes \u201cQuimera\u201d, en Metepec, y en el Foro Esc\u00e9nico de La Laguna, organizados por el Teatro Nazas, repitiendo esta participaci\u00f3n en 2018.<\/p>\n\n\n\n<p>Desierto Teatro fue ganadora del Programa de Est\u00edmulo para la producci\u00f3n esc\u00e9nica \u201cHorizontes 2018\u201d, de la Direcci\u00f3n de Cultura de Torre\u00f3n, con la puesta \u201cEl encuentro\u201d, de Alfredo Vargas, y realiz\u00f3 la colaboraci\u00f3n con el dramaturgo argentino Mart\u00edn de Goycochea, para crear y producir la puesta en escena \u201cAlgo\u201d, una obra escrita espec\u00edficamente para la agrupaci\u00f3n.<\/p>\n","protected":false},"excerpt":{"rendered":"<p>Saltillo, Coahuila de Zaragoza.- La Secretar\u00eda de Cultura de Coahuila dio a conocer que ya se tienen ganadores del \u201cPrograma de Premiaci\u00f3n a Proyectos de Producci\u00f3n Esc\u00e9nica\u201d, mismo que se &hellip; <a href=\"https:\/\/lavereda.com.mx\/index.php\/2022\/06\/09\/proyectos-de-teatro-lagunero-obtienen-apoyo-federal-para-produccion\/\" class=\"more-link\">Leer m\u00e1s<\/a><\/p>\n","protected":false},"author":1,"featured_media":3763,"comment_status":"open","ping_status":"open","sticky":false,"template":"","format":"standard","meta":{"footnotes":""},"categories":[2,18],"tags":[],"class_list":["post-3762","post","type-post","status-publish","format-standard","has-post-thumbnail","hentry","category-artes-escenicas","category-lomasrelevante","entry"],"_links":{"self":[{"href":"https:\/\/lavereda.com.mx\/index.php\/wp-json\/wp\/v2\/posts\/3762","targetHints":{"allow":["GET"]}}],"collection":[{"href":"https:\/\/lavereda.com.mx\/index.php\/wp-json\/wp\/v2\/posts"}],"about":[{"href":"https:\/\/lavereda.com.mx\/index.php\/wp-json\/wp\/v2\/types\/post"}],"author":[{"embeddable":true,"href":"https:\/\/lavereda.com.mx\/index.php\/wp-json\/wp\/v2\/users\/1"}],"replies":[{"embeddable":true,"href":"https:\/\/lavereda.com.mx\/index.php\/wp-json\/wp\/v2\/comments?post=3762"}],"version-history":[{"count":2,"href":"https:\/\/lavereda.com.mx\/index.php\/wp-json\/wp\/v2\/posts\/3762\/revisions"}],"predecessor-version":[{"id":3766,"href":"https:\/\/lavereda.com.mx\/index.php\/wp-json\/wp\/v2\/posts\/3762\/revisions\/3766"}],"wp:featuredmedia":[{"embeddable":true,"href":"https:\/\/lavereda.com.mx\/index.php\/wp-json\/wp\/v2\/media\/3763"}],"wp:attachment":[{"href":"https:\/\/lavereda.com.mx\/index.php\/wp-json\/wp\/v2\/media?parent=3762"}],"wp:term":[{"taxonomy":"category","embeddable":true,"href":"https:\/\/lavereda.com.mx\/index.php\/wp-json\/wp\/v2\/categories?post=3762"},{"taxonomy":"post_tag","embeddable":true,"href":"https:\/\/lavereda.com.mx\/index.php\/wp-json\/wp\/v2\/tags?post=3762"}],"curies":[{"name":"wp","href":"https:\/\/api.w.org\/{rel}","templated":true}]}}