{"id":376,"date":"2020-08-15T23:55:17","date_gmt":"2020-08-15T23:55:17","guid":{"rendered":"https:\/\/web.lavereda.com.mx\/?p=376"},"modified":"2020-08-16T03:27:43","modified_gmt":"2020-08-16T03:27:43","slug":"el-verano-mas-incierto","status":"publish","type":"post","link":"https:\/\/lavereda.com.mx\/index.php\/2020\/08\/15\/el-verano-mas-incierto\/","title":{"rendered":"El verano m\u00e1s incierto"},"content":{"rendered":"\n<p>El verano no solo era sin\u00f3nimo de viaje a las playas, de quintas con albercas y de abarrotar los cines y malls con climas frescos. (Todo lo que no podemos hacer hoy). En el verano, tambi\u00e9n los museos abr\u00edan recorridos y cursos especiales. Los teatros, algunos, atra\u00edan a sus escenarios a artistas de otras ciudades.<\/p>\n\n\n\n<hr class=\"wp-block-separator\" id=\"system-readmore\"\/>\n\n\n\n<p>Recuerdo en los anteriores veranos a los festivales de guitarra, de mon\u00f3logos, de \u00f3pera o de danza. Una ni\u00f1ez se apretujaba en los cursos intensivos en museos, centros culturales o deportivos.<\/p>\n\n\n\n<p>El verano era sobre todo una pausa cordial para la ni\u00f1ez y la docencia. Era un intermedio que te obligaba, como adulto, a parar un poco el ritmo para reiniciar con fuerza el resto del a\u00f1o. En verano, a veces en esta ciudad des\u00e9rtica llov\u00eda (y ha vuelto a llover).<\/p>\n\n\n\n<p>Si el calor se pon\u00eda de color insoportable, estaba la noche, las sillas y mecedoras afuera de las casas. Nuestra calle principal y su camell\u00f3n lleno de peatones, en las banquetas por las noches, la algarab\u00eda era duradera.<\/p>\n\n\n\n<p>Pero en este verano, las malas noticias fluyeron. La pandemia no nos dio la tregua que esper\u00e1bamos, y aunque sin atender llamados de salud muchas personas hicieron su verano en las calles y tiendas; para m\u00ed hubo dos hechos que nublaron esa calidez que antes invad\u00eda el ambiente:<\/p>\n\n\n\n<p>Una tarde vi en el bulevar a un par de m\u00e9dicos bajarse exhaustos de un autom\u00f3vil, cubiertos con batas y overoles, en una ciudad con 38 grados, tapados hasta la cabeza con mascarilla y caretas.<\/p>\n\n\n\n<p>Sus cuerpos lo dec\u00edan todo. Devastados. Se pararon a esperar a alguien: tal vez llevar\u00edan una mala noticia, como en los tiempos de guerra cuando los soldados tocaban a la puerta de las casas para anunciar una muerte m\u00e1s.<\/p>\n\n\n\n<blockquote class=\"wp-block-quote is-layout-flow wp-block-quote-is-layout-flow\"><p>Esa imagen se qued\u00f3 grabada en mi memoria hasta que llegu\u00e9 a la casa, abr\u00ed mi cuenta de twitter y un m\u00e9dico me etiquet\u00f3 en un post que ped\u00eda apoyo para compartir: un urgente llamado para ayudar a la salud mental del personal m\u00e9dico en el pa\u00eds, pidi\u00f3 apoyo a psic\u00f3logos, psiquiatras e instituciones. Public\u00f3 mensajes devastadores de m\u00e9dicos terminando la jornada\u2026<\/p><\/blockquote>\n\n\n\n<p>El otro hecho fue la pl\u00e1tica que sostuve con una amiga que trabaja en uno de los bellos teatros de la ciudad. Me dijo: \u201cest\u00e1 cerrado, no tenemos para cuando volver, estoy muy triste\u201d. Un teatro para m\u00e1s de mil personas, sin esperanzas de abrir en el mediano plazo.<\/p>\n\n\n\n<p>\u00bfQue significa esto? No solo espect\u00e1culos cancelados, artistas sin empleo, se trata de sonrisas perdidas y espectadores que ya no tienen m\u00e1s, ese regocijo que el hecho esc\u00e9nico provoca en nuestras almas.<\/p>\n\n\n\n<p>As\u00ed, en el encierro para unos, en la soledad, la enfermedad o la tristeza para otros, transcurre este gris verano, que entre tanto, nos ha tra\u00eddo la lluvia en el desierto norte\u00f1o de M\u00e9xico: un regalo breve como una postal a\u00f1orada.<\/p>\n","protected":false},"excerpt":{"rendered":"<p>El verano no solo era sin\u00f3nimo de viaje a las playas, de quintas con albercas y de abarrotar los cines y malls con climas frescos. (Todo lo que no podemos hacer hoy). En el verano, tambi\u00e9n los museos abr\u00edan recorridos y cursos especiales. Los teatros, algunos, atra\u00edan a sus escenarios a artistas de otras ciudades.<\/p>\n","protected":false},"author":9,"featured_media":378,"comment_status":"open","ping_status":"open","sticky":false,"template":"","format":"standard","meta":{"footnotes":""},"categories":[9],"tags":[],"class_list":["post-376","post","type-post","status-publish","format-standard","has-post-thumbnail","hentry","category-opinion","entry"],"_links":{"self":[{"href":"https:\/\/lavereda.com.mx\/index.php\/wp-json\/wp\/v2\/posts\/376","targetHints":{"allow":["GET"]}}],"collection":[{"href":"https:\/\/lavereda.com.mx\/index.php\/wp-json\/wp\/v2\/posts"}],"about":[{"href":"https:\/\/lavereda.com.mx\/index.php\/wp-json\/wp\/v2\/types\/post"}],"author":[{"embeddable":true,"href":"https:\/\/lavereda.com.mx\/index.php\/wp-json\/wp\/v2\/users\/9"}],"replies":[{"embeddable":true,"href":"https:\/\/lavereda.com.mx\/index.php\/wp-json\/wp\/v2\/comments?post=376"}],"version-history":[{"count":2,"href":"https:\/\/lavereda.com.mx\/index.php\/wp-json\/wp\/v2\/posts\/376\/revisions"}],"predecessor-version":[{"id":379,"href":"https:\/\/lavereda.com.mx\/index.php\/wp-json\/wp\/v2\/posts\/376\/revisions\/379"}],"wp:featuredmedia":[{"embeddable":true,"href":"https:\/\/lavereda.com.mx\/index.php\/wp-json\/wp\/v2\/media\/378"}],"wp:attachment":[{"href":"https:\/\/lavereda.com.mx\/index.php\/wp-json\/wp\/v2\/media?parent=376"}],"wp:term":[{"taxonomy":"category","embeddable":true,"href":"https:\/\/lavereda.com.mx\/index.php\/wp-json\/wp\/v2\/categories?post=376"},{"taxonomy":"post_tag","embeddable":true,"href":"https:\/\/lavereda.com.mx\/index.php\/wp-json\/wp\/v2\/tags?post=376"}],"curies":[{"name":"wp","href":"https:\/\/api.w.org\/{rel}","templated":true}]}}