{"id":3757,"date":"2022-06-07T23:57:01","date_gmt":"2022-06-07T23:57:01","guid":{"rendered":"http:\/\/lavereda.com.mx\/?p=3757"},"modified":"2022-06-08T03:20:42","modified_gmt":"2022-06-08T03:20:42","slug":"a-la-hora-del-cafe-5","status":"publish","type":"post","link":"https:\/\/lavereda.com.mx\/index.php\/2022\/06\/07\/a-la-hora-del-cafe-5\/","title":{"rendered":"A la hora del caf\u00e9"},"content":{"rendered":"\n<h2 class=\"wp-block-heading\">7 de junio<\/h2>\n\n\n\n<p>Hace dos semanas, el 25 de mayo, me invitaron a pronunciar un mensaje junto con diversos periodistas de la regi\u00f3n en el foro \u201c\u00bfPor qu\u00e9 matan periodistas?\u201d convocado por el grupo Voces Irritilas, a 13 a\u00f1os del asesinato impune de nuestro amigo Eliseo Barr\u00f3n, reportero de la fuente policiaca de Milenio, antes La Opini\u00f3n.<\/p>\n\n\n\n<p>Comparto en este art\u00edculo, parte del discurso que transmit\u00ed: <\/p>\n\n\n\n<p>Ese d\u00eda ha quedado guardado en la memoria de quienes convivimos de cerca con \u00e9l. Porque no se trataba de la primera muerte violenta de la historia, pero s\u00ed de la primera de una \u00e9poca reciente donde la constante ha sido denostar, violentar y tratar de frenar la libertad de expresi\u00f3n del periodismo en M\u00e9xico, no s\u00f3lo con la amenaza, con el insulto de la clase pol\u00edtica, sino con la muerte misma.<\/p>\n\n\n\n<p>Sabemos que en nuestro pa\u00eds existen diversas formas de censura impulsadas por el poder pol\u00edtico y econ\u00f3mico, por los mismos medios de comunicaci\u00f3n, existe la auto censura, pero, sobre todo persiste una amenaza directa hacia quienes se dedican a este oficio: en alg\u00fan momento o te alineas o mejor te callas.&nbsp;<\/p>\n\n\n\n<p>El pasado 25 de mayo, record\u00e9 junto a otras y otros periodistas, un d\u00eda fat\u00eddico, un d\u00eda que quienes marchamos vestidos con una playera naranja por el vado del r\u00edo Nazas exigiendo justicia ante la muerte de Eliseo Barr\u00f3n, nunca vamos a olvidar. Trabaj\u00e9 en la misma redacci\u00f3n que Eliseo durante ocho a\u00f1os, en aquel 2009, estaba poniendo un examen final a un grupo de estudiantes de comunicaci\u00f3n cuando recib\u00ed la noticia.&nbsp;<\/p>\n\n\n\n<p>No lo pod\u00eda creer, estoy segura que mis compa\u00f1eros que a\u00fan trabajaban en esa redacci\u00f3n, tampoco lo cre\u00edan, \u00e9l hab\u00eda desaparecido, pero estaban seguros de que volver\u00eda. No fue as\u00ed, su muerte fue el anuncio de que vendr\u00eda una ola de violencia que dejar\u00eda enormes secuelas, donde la prensa fue el blanco de las peores amenazas.<\/p>\n\n\n\n<p>Pasaron 13 a\u00f1os y en 2022 van 11 periodistas asesinados en M\u00e9xico, entre ellas 3 mujeres, lo que vuelve la cifra todav\u00eda m\u00e1s alarmante porque vivimos en un pa\u00eds donde los feminicidios han aumentado, sorprendentemente, al mismo tiempo que el movimiento feminista adquiere m\u00e1s importancia y que el grito de \u201cbasta\u201d a la violencia de g\u00e9nero, se ha multiplicado.<\/p>\n\n\n\n<p>Este 7 de junio honro la memoria de Eliseo Barr\u00f3n, ahora que el tema de la violencia a los periodistas se investiga, es fuente de documentales, pel\u00edculas y libros; aun no se ha hecho justicia a la muerte de Eliseo. A\u00fan tenemos que seguir nombr\u00e1ndolo y record\u00e1ndolo, no dejar que su muerte caiga en el olvido.&nbsp;<\/p>\n\n\n\n<p><em>Twitter: @Lavargasadri.<\/em><\/p>\n","protected":false},"excerpt":{"rendered":"<p>7 de junio Hace dos semanas, el 25 de mayo, me invitaron a pronunciar un mensaje junto con diversos periodistas de la regi\u00f3n en el foro \u201c\u00bfPor qu\u00e9 matan periodistas?\u201d &hellip; <a href=\"https:\/\/lavereda.com.mx\/index.php\/2022\/06\/07\/a-la-hora-del-cafe-5\/\" class=\"more-link\">Leer m\u00e1s<\/a><\/p>\n","protected":false},"author":9,"featured_media":3758,"comment_status":"open","ping_status":"open","sticky":false,"template":"","format":"standard","meta":{"footnotes":""},"categories":[18,9],"tags":[],"class_list":["post-3757","post","type-post","status-publish","format-standard","has-post-thumbnail","hentry","category-lomasrelevante","category-opinion","entry"],"_links":{"self":[{"href":"https:\/\/lavereda.com.mx\/index.php\/wp-json\/wp\/v2\/posts\/3757","targetHints":{"allow":["GET"]}}],"collection":[{"href":"https:\/\/lavereda.com.mx\/index.php\/wp-json\/wp\/v2\/posts"}],"about":[{"href":"https:\/\/lavereda.com.mx\/index.php\/wp-json\/wp\/v2\/types\/post"}],"author":[{"embeddable":true,"href":"https:\/\/lavereda.com.mx\/index.php\/wp-json\/wp\/v2\/users\/9"}],"replies":[{"embeddable":true,"href":"https:\/\/lavereda.com.mx\/index.php\/wp-json\/wp\/v2\/comments?post=3757"}],"version-history":[{"count":2,"href":"https:\/\/lavereda.com.mx\/index.php\/wp-json\/wp\/v2\/posts\/3757\/revisions"}],"predecessor-version":[{"id":3761,"href":"https:\/\/lavereda.com.mx\/index.php\/wp-json\/wp\/v2\/posts\/3757\/revisions\/3761"}],"wp:featuredmedia":[{"embeddable":true,"href":"https:\/\/lavereda.com.mx\/index.php\/wp-json\/wp\/v2\/media\/3758"}],"wp:attachment":[{"href":"https:\/\/lavereda.com.mx\/index.php\/wp-json\/wp\/v2\/media?parent=3757"}],"wp:term":[{"taxonomy":"category","embeddable":true,"href":"https:\/\/lavereda.com.mx\/index.php\/wp-json\/wp\/v2\/categories?post=3757"},{"taxonomy":"post_tag","embeddable":true,"href":"https:\/\/lavereda.com.mx\/index.php\/wp-json\/wp\/v2\/tags?post=3757"}],"curies":[{"name":"wp","href":"https:\/\/api.w.org\/{rel}","templated":true}]}}