{"id":3747,"date":"2022-06-03T00:03:41","date_gmt":"2022-06-03T00:03:41","guid":{"rendered":"http:\/\/lavereda.com.mx\/?p=3747"},"modified":"2022-06-03T00:03:42","modified_gmt":"2022-06-03T00:03:42","slug":"camerata-de-coahuila-presenta-opera-la-cenerentola","status":"publish","type":"post","link":"https:\/\/lavereda.com.mx\/index.php\/2022\/06\/03\/camerata-de-coahuila-presenta-opera-la-cenerentola\/","title":{"rendered":"Camerata de Coahuila presenta \u00f3pera La Cenerentola"},"content":{"rendered":"\n<ul class=\"wp-block-list\"><li><em>La Cenicienta es una producci\u00f3n original de la orquesta con el Maestro Ram\u00f3n Shade como director concertador y Mabel Garza como directora de escena.<\/em><\/li><\/ul>\n\n\n\n<p>Camerata de Coahuila presentar\u00e1 uno de los cl\u00e1sicos m\u00e1s importantes de todos los tiempos la \u00f3pera\u00a0\u2018La Cenerentola\u2019\u00a0(La Cenicienta), de Gioachino Rossini. Un drama jocoso en dos actos, con texto de Jacopo Ferretti.<\/p>\n\n\n\n<p>Hoy en rueda de prensa, presidida por la vicepresidenta del patronato Lucrecia Mart\u00ednez, el director Ram\u00f3n Shade, la directora esc\u00e9nica y el elenco; se anunci\u00f3 que esta \u00f3pera se presentar\u00e1 en dos funciones: el viernes 10 de junio a las 20:00 horas y el domingo 12 de junio a las 18:00 horas en Teatro Nazas. Los boletos est\u00e1n a la venta en taquilla y en la plataforma de Newticket.<\/p>\n\n\n\n<p>Rossini a la edad de 25 a\u00f1os, compuso esta \u00f3pera. Se estren\u00f3 en el Teatro Valle de Roma, el 25 de enero de 1817, bajo la direcci\u00f3n orquestal del propio compositor. No obstante que la obra est\u00e1 inspirada en el c\u00e9lebre cuento de hadas de Charles Perrault (1628-1703), Cendrillon (Cenicienta), la versi\u00f3n rossiniana presenta una situaci\u00f3n m\u00e1s humanizada y desprovista de algunos de los elementos m\u00e1gicos tradicionalmente asociados al cuento cl\u00e1sico.<\/p>\n\n\n\n<p>En esta variaci\u00f3n la malvada madrastra es sustituida por un padrastro, el hada madrina por un filosofo y tutor de Ramiro. La cenicienta (Angelina) no es descubierta por una zapatilla de cristal.<\/p>\n\n\n\n<p>En esta puesta en escena se representa la historia en un contexto contempor\u00e1neo donde se cambia el viejo castillo por un departamento en una colonia y el palacio de un pr\u00edncipe en un lujoso penthouse de un acaudalado empresario, se ubica en la \u00e9poca actual donde la vida de los personajes se rigen por los medios electr\u00f3nicos y digitales.<\/p>\n\n\n\n<p>La Cenerentola es una producci\u00f3n original de Camerata, cuenta con el Maestro Ram\u00f3n Shade como director concertador y Mabel Garza como directora de escena.<\/p>\n\n\n\n<p>El elenco de primer nivel est\u00e1 conformado por la mezzosoprano Guadalupe Paz, ganadora del Premio Rossini, otorgado por la Palm Springs Opera Guild of the Desert (EEUU), quien representar\u00e1 a la protagonista principal, Angelina (Cenicienta). El tenor mexicano Efra\u00edn Corralejo, interpretar\u00e1 el papel de Ramiro, un exitoso empresario; el bar\u00edtono, Josu\u00e9 Cer\u00f3n en el rol de Don Magnifico (Padrastro); el bar\u00edtono Juan Carlos Heredia ganador del primer lugar en Operalia 2016, interpretar\u00e1 el papel de Dandini adem\u00e1s, el bajo Arturo L\u00f3pez dar\u00e1 vida a Alidoro (consejero de Ramiro), la soprano saltillense Alejandra L\u00f3pez Fuentes ser\u00e1 Clorinda (hermanastra) y la soprano lagunera \u00c9lida Rocha Tisbe (hermanastra).<\/p>\n\n\n\n<p>Se contar\u00e1 tambi\u00e9n con la participaci\u00f3n de un coro 16 de voces masculinas del Instituto de M\u00fasica de Coahuila, dirigido por la maestra Luz Alicia \u00c1vila.<\/p>\n\n\n\n<p>El equipo creativo est\u00e1 conformado por el Arq. Miguel \u00c1ngel Moya en la escenograf\u00eda; Gerardo Vald\u00e9s Alejandro, en la direcci\u00f3n de iluminaci\u00f3n y Rosalinda Medell\u00edn en dise\u00f1o de vestuario.<\/p>\n\n\n\n<p>Los costos de los boletos son: orquesta $450.00, galer\u00eda 1 $350.00 y galer\u00eda 2 $250.00. Se aplicar\u00e1 un 25% de descuento, presentando credencial de estudiante, maestro e INAPAM en taquillas del teatro.<\/p>\n\n\n\n<p>La producci\u00f3n de\u00a0\u2018La Cenerentola\u2019\u00a0se logra gracias al Est\u00edmulo Fiscal a Proyectos de Inversi\u00f3n (EFIARTES), beneficio que se otorga a la creaci\u00f3n y producci\u00f3n de las diferentes artes como son las artes visuales, la danza, la m\u00fasica y el teatro y en la Edici\u00f3n y Publicaci\u00f3n de Obras Literarias Nacionales, fue a mediados del 2021 cuando Camerata de Coahuila resulto beneficiada en su proyecto de inversi\u00f3n.<\/p>\n\n\n\n<figure class=\"wp-block-image size-large\"><img fetchpriority=\"high\" decoding=\"async\" width=\"1000\" height=\"1000\" src=\"https:\/\/lavereda.com.mx\/wp-content\/uploads\/2022\/06\/001-CAMERATA-DE-COAHUILA-PRESENTA-OPERA.jpeg\" alt=\"\" class=\"wp-image-3749\" srcset=\"https:\/\/lavereda.com.mx\/wp-content\/uploads\/2022\/06\/001-CAMERATA-DE-COAHUILA-PRESENTA-OPERA.jpeg 1000w, https:\/\/lavereda.com.mx\/wp-content\/uploads\/2022\/06\/001-CAMERATA-DE-COAHUILA-PRESENTA-OPERA-300x300.jpeg 300w, https:\/\/lavereda.com.mx\/wp-content\/uploads\/2022\/06\/001-CAMERATA-DE-COAHUILA-PRESENTA-OPERA-150x150.jpeg 150w, https:\/\/lavereda.com.mx\/wp-content\/uploads\/2022\/06\/001-CAMERATA-DE-COAHUILA-PRESENTA-OPERA-768x768.jpeg 768w\" sizes=\"(max-width: 1000px) 100vw, 1000px\" \/><\/figure>\n","protected":false},"excerpt":{"rendered":"<p>La Cenicienta es una producci\u00f3n original de la orquesta con el Maestro Ram\u00f3n Shade como director concertador y Mabel Garza como directora de escena. Camerata de Coahuila presentar\u00e1 uno de &hellip; <a href=\"https:\/\/lavereda.com.mx\/index.php\/2022\/06\/03\/camerata-de-coahuila-presenta-opera-la-cenerentola\/\" class=\"more-link\">Leer m\u00e1s<\/a><\/p>\n","protected":false},"author":1,"featured_media":3748,"comment_status":"open","ping_status":"open","sticky":false,"template":"","format":"standard","meta":{"footnotes":""},"categories":[2,4],"tags":[],"class_list":["post-3747","post","type-post","status-publish","format-standard","has-post-thumbnail","hentry","category-artes-escenicas","category-musica","entry"],"_links":{"self":[{"href":"https:\/\/lavereda.com.mx\/index.php\/wp-json\/wp\/v2\/posts\/3747","targetHints":{"allow":["GET"]}}],"collection":[{"href":"https:\/\/lavereda.com.mx\/index.php\/wp-json\/wp\/v2\/posts"}],"about":[{"href":"https:\/\/lavereda.com.mx\/index.php\/wp-json\/wp\/v2\/types\/post"}],"author":[{"embeddable":true,"href":"https:\/\/lavereda.com.mx\/index.php\/wp-json\/wp\/v2\/users\/1"}],"replies":[{"embeddable":true,"href":"https:\/\/lavereda.com.mx\/index.php\/wp-json\/wp\/v2\/comments?post=3747"}],"version-history":[{"count":1,"href":"https:\/\/lavereda.com.mx\/index.php\/wp-json\/wp\/v2\/posts\/3747\/revisions"}],"predecessor-version":[{"id":3750,"href":"https:\/\/lavereda.com.mx\/index.php\/wp-json\/wp\/v2\/posts\/3747\/revisions\/3750"}],"wp:featuredmedia":[{"embeddable":true,"href":"https:\/\/lavereda.com.mx\/index.php\/wp-json\/wp\/v2\/media\/3748"}],"wp:attachment":[{"href":"https:\/\/lavereda.com.mx\/index.php\/wp-json\/wp\/v2\/media?parent=3747"}],"wp:term":[{"taxonomy":"category","embeddable":true,"href":"https:\/\/lavereda.com.mx\/index.php\/wp-json\/wp\/v2\/categories?post=3747"},{"taxonomy":"post_tag","embeddable":true,"href":"https:\/\/lavereda.com.mx\/index.php\/wp-json\/wp\/v2\/tags?post=3747"}],"curies":[{"name":"wp","href":"https:\/\/api.w.org\/{rel}","templated":true}]}}