{"id":3741,"date":"2022-06-02T03:07:56","date_gmt":"2022-06-02T03:07:56","guid":{"rendered":"http:\/\/lavereda.com.mx\/?p=3741"},"modified":"2022-06-02T03:09:38","modified_gmt":"2022-06-02T03:09:38","slug":"charla-virtual-de-historia-cultura-y-lucha-libre","status":"publish","type":"post","link":"https:\/\/lavereda.com.mx\/index.php\/2022\/06\/02\/charla-virtual-de-historia-cultura-y-lucha-libre\/","title":{"rendered":"Charla Virtual de historia, cultura y lucha libre"},"content":{"rendered":"\n<p>Este Jueves 2 de junio en punto de las 6:00 se llevar\u00e1 a cabo la transmisi\u00f3n simult\u00e1nea en Facebook y YouTube de la charla virtual sobre la historia y datos relevantes de la lucha libre, conoce una breve cronolog\u00eda de la lucha libre, su panorama actual, as\u00ed como el lugar que ocupa en la cultura de la imagen.<\/p>\n\n\n\n<p>Desde las ciencias sociales, el<strong>&nbsp;Dr. Jos\u00e9 \u00c1ngel Garfias Fr\u00edas<\/strong>, te llevar\u00e1 a reflexionar sobre las particularidades del pancracio mexicano, y sus repercusiones en la cultura. \u00a1Con\u00e9ctate e interact\u00faa con nuestro invitado!<\/p>\n\n\n\n<div class=\"wp-block-columns is-layout-flex wp-container-core-columns-is-layout-9d6595d7 wp-block-columns-is-layout-flex\">\n<div class=\"wp-block-column is-layout-flow wp-block-column-is-layout-flow\" style=\"flex-basis:100%\">\n<p>El Doctor <strong>Jos\u00e9 \u00c1ngel Garfias Fr\u00edas <\/strong>en ciencias pol\u00edticas sociales, Maestro en comunicaci\u00f3n y Licenciado en ciencias de la comunicaci\u00f3n por la Facultad de Ciencias Pol\u00edticas y Sociales de la UNAM es Profesor titular \u201cA\u201d de tiempo completo en la misma instituci\u00f3n.&nbsp;<\/p>\n<\/div>\n<\/div>\n","protected":false},"excerpt":{"rendered":"<p>Este Jueves 2 de junio en punto de las 6:00 se llevar\u00e1 a cabo la transmisi\u00f3n simult\u00e1nea en Facebook y YouTube de la charla virtual sobre la historia y datos &hellip; <a href=\"https:\/\/lavereda.com.mx\/index.php\/2022\/06\/02\/charla-virtual-de-historia-cultura-y-lucha-libre\/\" class=\"more-link\">Leer m\u00e1s<\/a><\/p>\n","protected":false},"author":1,"featured_media":3745,"comment_status":"open","ping_status":"open","sticky":false,"template":"","format":"standard","meta":{"footnotes":""},"categories":[3,7,18,8],"tags":[],"class_list":["post-3741","post","type-post","status-publish","format-standard","has-post-thumbnail","hentry","category-artes-visuales","category-entretenimiento","category-lomasrelevante","category-sociedad","entry"],"_links":{"self":[{"href":"https:\/\/lavereda.com.mx\/index.php\/wp-json\/wp\/v2\/posts\/3741","targetHints":{"allow":["GET"]}}],"collection":[{"href":"https:\/\/lavereda.com.mx\/index.php\/wp-json\/wp\/v2\/posts"}],"about":[{"href":"https:\/\/lavereda.com.mx\/index.php\/wp-json\/wp\/v2\/types\/post"}],"author":[{"embeddable":true,"href":"https:\/\/lavereda.com.mx\/index.php\/wp-json\/wp\/v2\/users\/1"}],"replies":[{"embeddable":true,"href":"https:\/\/lavereda.com.mx\/index.php\/wp-json\/wp\/v2\/comments?post=3741"}],"version-history":[{"count":2,"href":"https:\/\/lavereda.com.mx\/index.php\/wp-json\/wp\/v2\/posts\/3741\/revisions"}],"predecessor-version":[{"id":3746,"href":"https:\/\/lavereda.com.mx\/index.php\/wp-json\/wp\/v2\/posts\/3741\/revisions\/3746"}],"wp:featuredmedia":[{"embeddable":true,"href":"https:\/\/lavereda.com.mx\/index.php\/wp-json\/wp\/v2\/media\/3745"}],"wp:attachment":[{"href":"https:\/\/lavereda.com.mx\/index.php\/wp-json\/wp\/v2\/media?parent=3741"}],"wp:term":[{"taxonomy":"category","embeddable":true,"href":"https:\/\/lavereda.com.mx\/index.php\/wp-json\/wp\/v2\/categories?post=3741"},{"taxonomy":"post_tag","embeddable":true,"href":"https:\/\/lavereda.com.mx\/index.php\/wp-json\/wp\/v2\/tags?post=3741"}],"curies":[{"name":"wp","href":"https:\/\/api.w.org\/{rel}","templated":true}]}}