{"id":3732,"date":"2022-05-29T18:18:53","date_gmt":"2022-05-29T18:18:53","guid":{"rendered":"http:\/\/lavereda.com.mx\/?p=3732"},"modified":"2022-05-29T21:15:28","modified_gmt":"2022-05-29T21:15:28","slug":"una-satira-teatral-de-los-80s-regreso-a-la-laguna","status":"publish","type":"post","link":"https:\/\/lavereda.com.mx\/index.php\/2022\/05\/29\/una-satira-teatral-de-los-80s-regreso-a-la-laguna\/","title":{"rendered":"Una s\u00e1tira teatral de los 80\u00b4s regres\u00f3 a La Laguna"},"content":{"rendered":"\n<p>Dar\u00edo Fo, en colaboraci\u00f3n con Franca Rame, su mujer, escribi\u00f3\u00a0\u00a0\u201cPareja Abierta\u201d en 1983. Una obra teatral en tono de s\u00e1tira que el p\u00fablico lagunero disfrut\u00f3 hace ya varios a\u00f1os en otros escenarios y que, de nueva cuenta, la productora y actriz Cony M\u00fazquiz trajo al Teatro Nazas en este mes de mayo, ahora con la actuaci\u00f3n del conductor de noticias y comunicador \u00c1ngel Carrillo.<\/p>\n\n\n\n<p>La cartelera teatral de la Comarca Lagunera, podr\u00edamos decir, vive una de sus mejores \u00e9pocas despu\u00e9s de la pandemia. No ha habido fines de semana en que no haya una producci\u00f3n en alguno de los teatros o espacios al aire libre. Sin embargo, el p\u00fablico todav\u00eda le queda a deber a las compa\u00f1\u00edas esc\u00e9cnicas que est\u00e1n haciendo teatro, aun en tiempos de crisis.<\/p>\n\n\n\n<p>En el Teatro Nazas, Cony M\u00fazquiz y su compa\u00f1\u00eda estrenaron este montaje, que ella misma llev\u00f3 a escena hace 22 a\u00f1os en el Teatro Garibay, aquella vez, acompa\u00f1ada por el actor Eduardo Mercheyer. En esa ocasi\u00f3n, los actores interpretaban los roles en un ring de boxeo.<\/p>\n\n\n\n<p>En 2022 Cony eligi\u00f3 una producci\u00f3n minimalista, con una escenograf\u00eda que simula la ventana y pasillo de una casa, con sillas que se convierten en cajones y un perchero \u2013 vestidor. El formato parece m\u00e1s de teatro \u00edntimo, aunque se present\u00f3 en uno de los teatros m\u00e1s grandes de Torre\u00f3n, que por otro lado, ofrece muy buenas opciones de iluminaci\u00f3n y audio.<\/p>\n\n\n\n<p>Esta obra\u00a0relata la vida de una pareja, con mucho parecido a la actualidad, que piensan que son muy liberales y abiertos, pero el \u00fanico que disfruta de esa libertad es el hombre. La historia pone de manifiesto el machismo que se encierra a veces incluso en las parejas m\u00e1s liberales y progresistas.\u00a0<\/p>\n\n\n\n<p>En esta versi\u00f3n, vemos a Antonia y Antonio discutir&nbsp;&nbsp;y pelearse la mayor parte del tiempo, por las infidelidades de \u00e9l. Es una obra llena de momentos c\u00f3micos, en muchos instantes adaptados a la realidad y al argot lagunero, que sin dejar la esencia de la historia, ofrece una versi\u00f3n un poco distinta y llena de actualidad, bien manejada por ambos actores.<\/p>\n\n\n\n<p>A veces vimos a Antonia \u201crapeando\u201d y otras llorando. Vimos al actor, \u00c1ngel Carrillo, hacerla del marido mujeriego y tambi\u00e9n representando al hijo \u201cmillenial\u201d de la pareja. Ambos momentos muy divertidos.<\/p>\n\n\n\n<p>El s\u00e1bado 28 de mayo se present\u00f3 la tercera fecha de este montaje, aun no sabemos si repetir\u00e1 funciones, pero como en toda propuesta teatral, se desea que as\u00ed sea para que el p\u00fablico tenga oportunidad de disfrutarla y seguir apoyando, porque en verdad se necesita, la sobrevivencia del teatro lagunero.<\/p>\n","protected":false},"excerpt":{"rendered":"<p>Dar\u00edo Fo, en colaboraci\u00f3n con Franca Rame, su mujer, escribi\u00f3\u00a0\u00a0\u201cPareja Abierta\u201d en 1983. Una obra teatral en tono de s\u00e1tira que el p\u00fablico lagunero disfrut\u00f3 hace ya varios a\u00f1os en &hellip; <a href=\"https:\/\/lavereda.com.mx\/index.php\/2022\/05\/29\/una-satira-teatral-de-los-80s-regreso-a-la-laguna\/\" class=\"more-link\">Leer m\u00e1s<\/a><\/p>\n","protected":false},"author":9,"featured_media":3733,"comment_status":"open","ping_status":"open","sticky":false,"template":"","format":"standard","meta":{"footnotes":""},"categories":[2,18],"tags":[],"class_list":["post-3732","post","type-post","status-publish","format-standard","has-post-thumbnail","hentry","category-artes-escenicas","category-lomasrelevante","entry"],"_links":{"self":[{"href":"https:\/\/lavereda.com.mx\/index.php\/wp-json\/wp\/v2\/posts\/3732","targetHints":{"allow":["GET"]}}],"collection":[{"href":"https:\/\/lavereda.com.mx\/index.php\/wp-json\/wp\/v2\/posts"}],"about":[{"href":"https:\/\/lavereda.com.mx\/index.php\/wp-json\/wp\/v2\/types\/post"}],"author":[{"embeddable":true,"href":"https:\/\/lavereda.com.mx\/index.php\/wp-json\/wp\/v2\/users\/9"}],"replies":[{"embeddable":true,"href":"https:\/\/lavereda.com.mx\/index.php\/wp-json\/wp\/v2\/comments?post=3732"}],"version-history":[{"count":2,"href":"https:\/\/lavereda.com.mx\/index.php\/wp-json\/wp\/v2\/posts\/3732\/revisions"}],"predecessor-version":[{"id":3736,"href":"https:\/\/lavereda.com.mx\/index.php\/wp-json\/wp\/v2\/posts\/3732\/revisions\/3736"}],"wp:featuredmedia":[{"embeddable":true,"href":"https:\/\/lavereda.com.mx\/index.php\/wp-json\/wp\/v2\/media\/3733"}],"wp:attachment":[{"href":"https:\/\/lavereda.com.mx\/index.php\/wp-json\/wp\/v2\/media?parent=3732"}],"wp:term":[{"taxonomy":"category","embeddable":true,"href":"https:\/\/lavereda.com.mx\/index.php\/wp-json\/wp\/v2\/categories?post=3732"},{"taxonomy":"post_tag","embeddable":true,"href":"https:\/\/lavereda.com.mx\/index.php\/wp-json\/wp\/v2\/tags?post=3732"}],"curies":[{"name":"wp","href":"https:\/\/api.w.org\/{rel}","templated":true}]}}