{"id":373,"date":"2020-08-15T23:50:15","date_gmt":"2020-08-15T23:50:15","guid":{"rendered":"https:\/\/web.lavereda.com.mx\/?p=373"},"modified":"2020-08-15T23:50:15","modified_gmt":"2020-08-15T23:50:15","slug":"cuaderno-de-notas-sobre-las-cosas-del-mundo-sus-historias","status":"publish","type":"post","link":"https:\/\/lavereda.com.mx\/index.php\/2020\/08\/15\/cuaderno-de-notas-sobre-las-cosas-del-mundo-sus-historias\/","title":{"rendered":"CUADERNO DE NOTAS: Sobre las cosas del mundo, sus historias"},"content":{"rendered":"\n<p><strong>I<\/strong><\/p>\n\n\n\n<p>Mi relaci\u00f3n con los objetos peque\u00f1os es muy estrecha, siempre me han gustado aquellos objetos que por su tama\u00f1o pasan desapercibidos de los estantes, de los escritorios, en fin, de la vida. Las piezas de cer\u00e1mica que representan en miniatura gatos, lagartijas, conejos, tazas, vasijas, me parecen fabulosas. Hablo con ellas, les agrego este elemento; con el paso de los a\u00f1os, las vuelve \u00edntimas. No hay objeto\/utensilio insignificante, porque en este caso reducir\u00eda a insignificante un pedazo de mi existencia. Y si obsequio uno de estos, estoy obsequiando una parte m\u00eda, una parte que quiz\u00e1 fue feliz o que, en alg\u00fan momento, estuvo triste. Por ejemplo, un cortau\u00f1as tra\u00eddo de mi casa anterior cuando viv\u00eda otra vida, una l\u00e1mpara, una mesita de noche, un b\u00faho. Pero volvamos al presente.<\/p>\n\n\n\n<hr class=\"wp-block-separator\" id=\"system-readmore\"\/>\n\n\n\n<p>Hay poemas magn\u00edficos escritos en torno a los objetos. Por ejemplo, Plablo Neruda escribi\u00f3 un poema a los calcetines y Eliseo Diego, a las \u201cHerramientas todas del hombre\u201d. Veamos algunos versos de Eliseo Diego: \u00abY estas tijeras para cortar los pa\u00f1os, \/ para cortar los hipogrifos y las flores \/ y cortar las m\u00e1scaras y todas las tramas y, en fin, \/ para cortar la vida misma del hombre, que es un hilo\u00bb. Fijo el pensamiento en las palabras \u201cm\u00e1scara\u201d, \u201ctrama\u201d, \u201cvida\u201d, \u201chilo\u201d. El verso \u00abla vida misma del hombre, que es un hilo\u00bb es muy fuerte, desgarrador y m\u00e1s en este tiempo, en donde la vida se ha vuelto escurridiza, hura\u00f1a. Ese hilo, pues, es muy delgado. Por su parte Gerardo Diego, en uno de sus poemas, hace referencia a la guitarra. Lean el poema en voz alta: \u00abLa guitarra es un pozo \/ con viento en vez de agua\u00bb. El efecto de la sinestesia nos envuelve, el efecto de la met\u00e1fora: pozo, viento, agua. Estas tres palabras contienen la guitarra.&nbsp;<\/p>\n\n\n\n<p>Podemos hacer una lista enorme de poetas que tomaron a las cosas, a los objetos, a los utensilios, como punto de partida para sus poemas. Entre \u00e9stos: Jos\u00e9 Gorostiza, Jorge Cadavid, Federico D\u00edaz Granados, Octavio Paz, entre otros. No olvidemos dos poetas geniales que tambi\u00e9n abordaron la presencia de los objetos: Jorge Luis Borges y Gloria Fuertes. Del primero, tomo las siguientes l\u00edneas de su poema \u201cLas cosas\u201d: \u00ab\u00a1Cu\u00e1ntas cosas, \/ limas, umbrales, atlas, copas, clavos, \/ nos sirven como t\u00e1citos esclavos, \/ ciegas y extra\u00f1amente sigilosas! \/ Durar\u00e1n m\u00e1s all\u00e1 de nuestro olvido; \/ no sabr\u00e1n nunca que nos hemos ido\u00bb; y con el mismo t\u00edtulo, de Gloria Fuertes: \u00abmi armario se estremece si lo abro y me asomo, \/ las s\u00e1banas son s\u00e1banas cuando me echo sobre ellas \/ y la cama se queja cuando yo me levanto. \/ Qu\u00e9 ser\u00e1 de las cosas cuando el hombre se acabe? \/ Como perros las cosas no existen sin el amo\u00bb.<\/p>\n\n\n\n<p><strong>II<\/strong><\/p>\n\n\n\n<p>Vuelvo a la idea de las cosas. Dice Fuertes: \u00abComo perros las cosas no existen sin el amo\u00bb, lo que quiere decir que tampoco existir\u00edamos sin las cosas. Los objetos, por m\u00e1s peque\u00f1os, por m\u00e1s insignificantes, los objetos del pasado, del presente, cuentan la historia de la humanidad. Hay, por ello, en cada cosa, una historia impl\u00edcita.&nbsp;<\/p>\n\n\n\n<p>Hace d\u00edas compr\u00e9 un gatito de cer\u00e1mica que ahora ha pasado a formar parte de mi escritorio. Es muy hermoso, colorido. Van algunas interrogantes: \u00bfQu\u00e9 historia tiene la mujer que me lo vendi\u00f3? \u00bflo modelaron sus manos? Si fue as\u00ed \u00bfCu\u00e1les eran sus pensamientos mientras lo hac\u00eda? \u00bfqu\u00e9 imaginaba? \u00bfcu\u00e1l era el di\u00e1logo con su persona, con su alrededor? Si este gatito pudiera hablar \u00bfCu\u00e1l ser\u00eda su relato? Tal vez, esto era lo que hac\u00eda de ni\u00f1a y sigo haciendo, reconocer en los objetos un lenguaje. Walter Benjamin dice: \u00abno existe evento o cosa, tanto en la naturaleza viva como en la inanimada, que no tenga, de alguna forma, participaci\u00f3n en el lenguaje, ya que est\u00e1 en la naturaleza de todas ellas comunicar su contenido espiritual\u00bb.<\/p>\n\n\n\n<p>De ni\u00f1a hablaba mucho con las cosas. Al principio lo hac\u00eda en voz alta, pero luego en susurros. Me tranquilizaba, me sent\u00eda segura compartir con las cosas mis preocupaciones, mis alegr\u00edas, las contradicciones de la infancia. No tuve la oportunidad de un di\u00e1logo franco con quienes me rodeaban, pero s\u00ed con los objetos. Hay un cruce en todo esto, porque una pintura, por ejemplo, no est\u00e1 consumada hasta que est\u00e1 frente a los ojos del espectador; a partir de la mirada, el cuadro adquiere un significado y las historias se entretejen: las del realizador y las de quien admira, contempla. As\u00ed nace la luz, as\u00ed se atestigua su nacimiento.&nbsp;<\/p>\n\n\n\n<p><strong>III<\/strong><\/p>\n\n\n\n<p>\u00bfC\u00f3mo se articulan las partes de un objeto? Pensemos, \u00bfC\u00f3mo se articul\u00f3 la primera m\u00e1quina de escribir? \u00bfC\u00f3mo se articul\u00f3 la primera computadora? Si miramos y reflexionamos el lenguaje con que se elabora una p\u00e1gina web, un libro electr\u00f3nico&#8230; entenderemos que \u00e9ste tambi\u00e9n nos cuenta una historia. Y una historia, sumamente interesante.<\/p>\n\n\n\n<p>Posiblemente no importe demasiado conocer qu\u00e9 hay detr\u00e1s de cada objeto que ocupa un lugar en la casa, en la oficina, etc. Digo \u00bfpara qu\u00e9? Hay objetos que nada dicen y as\u00ed se quedar\u00e1n para siempre, hasta que perezcan rotos en el piso o cambien de due\u00f1o. No obstante, vivimos en un mundo muy complejo, en donde el asombro, poco a poco se borra hasta desaparecer por completo. \u00a1Alteremos la cotidianidad infecunda! Una vez que hayas tomado cualquier cosa del mundo, la m\u00e1s peque\u00f1a, la m\u00e1s insignificante: una hoja de \u00e1rbol, un reloj de bolsillo, una taza, una aguja, un dedal \u00bfqu\u00e9 nuevas formas puedes crear?, \u00bfqu\u00e9 nueva funci\u00f3n puedes darle? \u00bfqu\u00e9 historia se tejer\u00eda si juntamos ese objeto con otros? La historia, la nuestra, sin lugar a duda, tambi\u00e9n tendr\u00eda una nueva forma, un nuevo espacio.&nbsp;<\/p>\n","protected":false},"excerpt":{"rendered":"<p>Mi relaci\u00f3n con los objetos peque\u00f1os es muy estrecha, siempre me han gustado aquellos objetos que por su tama\u00f1o pasan desapercibidos de los estantes, de los escritorios, en fin, de la vida.<\/p>\n","protected":false},"author":6,"featured_media":374,"comment_status":"open","ping_status":"open","sticky":false,"template":"","format":"standard","meta":{"footnotes":""},"categories":[9],"tags":[],"class_list":["post-373","post","type-post","status-publish","format-standard","has-post-thumbnail","hentry","category-opinion","entry"],"_links":{"self":[{"href":"https:\/\/lavereda.com.mx\/index.php\/wp-json\/wp\/v2\/posts\/373","targetHints":{"allow":["GET"]}}],"collection":[{"href":"https:\/\/lavereda.com.mx\/index.php\/wp-json\/wp\/v2\/posts"}],"about":[{"href":"https:\/\/lavereda.com.mx\/index.php\/wp-json\/wp\/v2\/types\/post"}],"author":[{"embeddable":true,"href":"https:\/\/lavereda.com.mx\/index.php\/wp-json\/wp\/v2\/users\/6"}],"replies":[{"embeddable":true,"href":"https:\/\/lavereda.com.mx\/index.php\/wp-json\/wp\/v2\/comments?post=373"}],"version-history":[{"count":1,"href":"https:\/\/lavereda.com.mx\/index.php\/wp-json\/wp\/v2\/posts\/373\/revisions"}],"predecessor-version":[{"id":375,"href":"https:\/\/lavereda.com.mx\/index.php\/wp-json\/wp\/v2\/posts\/373\/revisions\/375"}],"wp:featuredmedia":[{"embeddable":true,"href":"https:\/\/lavereda.com.mx\/index.php\/wp-json\/wp\/v2\/media\/374"}],"wp:attachment":[{"href":"https:\/\/lavereda.com.mx\/index.php\/wp-json\/wp\/v2\/media?parent=373"}],"wp:term":[{"taxonomy":"category","embeddable":true,"href":"https:\/\/lavereda.com.mx\/index.php\/wp-json\/wp\/v2\/categories?post=373"},{"taxonomy":"post_tag","embeddable":true,"href":"https:\/\/lavereda.com.mx\/index.php\/wp-json\/wp\/v2\/tags?post=373"}],"curies":[{"name":"wp","href":"https:\/\/api.w.org\/{rel}","templated":true}]}}