{"id":3703,"date":"2022-05-26T20:40:19","date_gmt":"2022-05-26T20:40:19","guid":{"rendered":"http:\/\/lavereda.com.mx\/?p=3703"},"modified":"2022-05-27T02:41:37","modified_gmt":"2022-05-27T02:41:37","slug":"eduardo-lizalde-deja-un-imprescindible-legado-en-la-literatura-de-mexico","status":"publish","type":"post","link":"https:\/\/lavereda.com.mx\/index.php\/2022\/05\/26\/eduardo-lizalde-deja-un-imprescindible-legado-en-la-literatura-de-mexico\/","title":{"rendered":"Eduardo Lizalde deja un imprescindible legado en la literatura de M\u00e9xico"},"content":{"rendered":"\n<p>Instituciones culturales como el INBAL, creadores y artistas; lamentaron el deceso del escritor, poeta y ensayista Eduardo Lizalde, quien recibi\u00f3 en el a\u00f1o 2009 la Medalla de Oro Bellas Artes en reconocimiento a su trayectoria. \u00a0<\/p>\n\n\n\n<p>La secretaria de Cultura del Gobierno de M\u00e9xico, Alejandra Frausto Guerrero, dijo: <\/p>\n\n\n\n<blockquote class=\"wp-block-quote is-layout-flow wp-block-quote-is-layout-flow\"><p>\u201cUna de las voces po\u00e9ticas m\u00e1s poderosas de la literatura hispanoamericana se ha marchado. Lamento la muerte del poeta tigre. Descanse en paz, Eduardo Lizalde. Mis condolencias a Hilda, sus hijos y amigos.\u201d <\/p><cite>Alejandra Frausto Guerrero<\/cite><\/blockquote>\n\n\n\n<p>Record\u00f3 su amplia trayectoria al frente de diversas publicaciones culturales, as\u00ed como su desempe\u00f1o como profesor en la m\u00e1xima casa de estudios y como servidor p\u00fablico. Asimismo, dijo que en 2009 recibi\u00f3 la Medalla Bellas Artes por su destacada trayectoria. A su vez, la directora general del Inbal, Lucina Jim\u00e9nez L\u00f3pez, expres\u00f3 que Eduardo Lizalde \u00abfue un verdadero sabio, de voz profunda, poeta, acad\u00e9mico, amante de los libros y de la \u00f3pera.<\/p>\n\n\n\n<p>Se\u00f1al\u00f3 que \u201cEl Tigre\u201d de la literatura mexicana deja un vital legado a las nuevas generaciones por el humanismo que irradi\u00f3 en su vasta obra.<\/p>\n\n\n\n<p>La Secretar\u00eda de Cultura federal y el Inbal, en acuerdo con su familia, realizar\u00e1n pr\u00f3ximamente un homenaje p\u00f3stumo a Eduardo Lizalde Ch\u00e1vez en la Sala Principal del Palacio de Bellas Artes.<\/p>\n\n\n\n<p>&nbsp;A Lizalde se le conoc\u00eda tambi\u00e9n como \u201cEl Tigre\u201d, por la recurrencia de este felino en obras como <em>El tigre en la casa<\/em>, por el cual obtuvo el Premio Xavier Villaurrutia en 1970; <em>Memoria del tigre<\/em>, <em>\u00a1Tigre, tigre!<\/em>, <em>La caza del tigre<\/em>, <em>Otros tigres<\/em>, <em>Rosas y otros tigres<\/em>, entre otras.<\/p>\n\n\n\n<p>Eduardo Lizalde Ch\u00e1vez naci\u00f3 en la Ciudad de M\u00e9xico el 14 de julio de 1929, desde ni\u00f1o aprendi\u00f3 a construir sonetos bajo la gu\u00eda de su padre.<\/p>\n\n\n\n<p>Estudiante de la Facultad de Filosof\u00eda y Letras de la Universidad Nacional Aut\u00f3noma de M\u00e9xico (UNAM), en 1948 empez\u00f3 a publicar sus primeros poemas en un peri\u00f3dico e inicia el movimiento \u201cPoeticismo\u201d junto a Enrique Gonz\u00e1lez Rojo y Marco Antonio Montes de Oca, que pretend\u00eda combatir la imprecisi\u00f3n verbal y conceptual de la poes\u00eda de su tiempo. Movimiento que critica m\u00e1s adelante en el libro <em>Autobiograf\u00eda de un fracaso<\/em>.<\/p>\n\n\n\n<p>Su primer libro de poemas fue publicado cuando ten\u00eda 27 a\u00f1os, bajo el t\u00edtulo <em>La mala hora<\/em>.&nbsp;<\/p>\n\n\n\n<p>Entre los reconocimientos que obtuvo est\u00e1n: Premio Nacional de Poes\u00eda Aguascalientes 1974 por&nbsp;<em>La zorra enferma<\/em>. Nacional de Literatura y Ling\u00fc\u00edstica 1988; Iberoamericano Ram\u00f3n L\u00f3pez Velarde 2002, San Luis al M\u00e9rito Literario 2009; X Premio Internacional de Poes\u00eda Ciudad de Granada Federico Garc\u00eda Lorca; Premio Internacional Alfonso Reyes y Premio Internacional Carlos Fuentes de Creaci\u00f3n Literaria por \u00abser el poeta vivo m\u00e1s importante en M\u00e9xico\u201d; adem\u00e1s de recibir el doctor <em>honoris causa<\/em> 2015 por la UNAM.<\/p>\n\n\n\n<p>Posteriormente, colabor\u00f3 con rese\u00f1as literarias en los suplementos&nbsp;Revista Mexicana de Cultura, M\u00e9xico en la Cultura, as\u00ed como en otras publicaciones, como&nbsp;Ideas de M\u00e9xico, Universidad de M\u00e9xico, El Gallo Ilustrado, El Nacional, Vuelta, Letras libres&nbsp;y&nbsp;La Letra y la Imagen. Dirigi\u00f3 durante un a\u00f1o (1982-1983) el suplemento del diario Novedades: El Semanario Cultural. De 1988 a 1994 fue presidente de Pen Club de M\u00e9xico. Fue el primer entrevistador de Julio Cort\u00e1zar en M\u00e9xico.<\/p>\n\n\n\n<p>Poeta, ensayista, narrador, traductor, Eduardo Lizalde tambi\u00e9n fue amante de la \u00f3pera, egresado de la Escuela Superior de M\u00fasica del Instituto Nacional de Bellas Artes y Literatura, fue un gran conocedor de este g\u00e9nero musical. Cabe se\u00f1alar que fue director de la Compa\u00f1\u00eda Nacional de \u00d3pera de 1989 a1990.<\/p>\n\n\n\n<p>Entre los cargos que ocup\u00f3 se encuentran profesor de Literatura espa\u00f1ola, mexicana y latinoamericana en la Facultad de Filosof\u00eda y Letras; secretario general de la Escuela de Verano, UNAM; director de Radio Universidad; secretario general del Consejo Nacional de Cultura y Recreaci\u00f3n para los Trabajadores; director general de Medios Audiovisuales de la Secretar\u00eda de Educaci\u00f3n P\u00fablica (SEP); subdirector de Publicaciones del Conacyt; director general de Televisi\u00f3n de la Rep\u00fablica Mexicana, de Publicaciones y Medios de la SEP, director de la Biblioteca de M\u00e9xico.&nbsp;<\/p>\n\n\n\n<p>Fue becario del Fonca y de la Fundaci\u00f3n Guggenheim. Miembro del Sistema Nacional de Creadores de Arte como creador em\u00e9rito, desde 1994. Miembro de la Academia Mexicana de la Lengua a partir de 2007, su discurso de ingreso fue <em>La poes\u00eda mexicana, esplendor e infortunios.<\/em>&nbsp;<\/p>\n","protected":false},"excerpt":{"rendered":"<p>Instituciones culturales como el INBAL, creadores y artistas; lamentaron el deceso del escritor, poeta y ensayista Eduardo Lizalde, quien recibi\u00f3 en el a\u00f1o 2009 la Medalla de Oro Bellas Artes &hellip; <a href=\"https:\/\/lavereda.com.mx\/index.php\/2022\/05\/26\/eduardo-lizalde-deja-un-imprescindible-legado-en-la-literatura-de-mexico\/\" class=\"more-link\">Leer m\u00e1s<\/a><\/p>\n","protected":false},"author":1,"featured_media":3704,"comment_status":"open","ping_status":"open","sticky":false,"template":"","format":"standard","meta":{"footnotes":""},"categories":[5,18],"tags":[],"class_list":["post-3703","post","type-post","status-publish","format-standard","has-post-thumbnail","hentry","category-letras-y-libros","category-lomasrelevante","entry"],"_links":{"self":[{"href":"https:\/\/lavereda.com.mx\/index.php\/wp-json\/wp\/v2\/posts\/3703","targetHints":{"allow":["GET"]}}],"collection":[{"href":"https:\/\/lavereda.com.mx\/index.php\/wp-json\/wp\/v2\/posts"}],"about":[{"href":"https:\/\/lavereda.com.mx\/index.php\/wp-json\/wp\/v2\/types\/post"}],"author":[{"embeddable":true,"href":"https:\/\/lavereda.com.mx\/index.php\/wp-json\/wp\/v2\/users\/1"}],"replies":[{"embeddable":true,"href":"https:\/\/lavereda.com.mx\/index.php\/wp-json\/wp\/v2\/comments?post=3703"}],"version-history":[{"count":3,"href":"https:\/\/lavereda.com.mx\/index.php\/wp-json\/wp\/v2\/posts\/3703\/revisions"}],"predecessor-version":[{"id":3709,"href":"https:\/\/lavereda.com.mx\/index.php\/wp-json\/wp\/v2\/posts\/3703\/revisions\/3709"}],"wp:featuredmedia":[{"embeddable":true,"href":"https:\/\/lavereda.com.mx\/index.php\/wp-json\/wp\/v2\/media\/3704"}],"wp:attachment":[{"href":"https:\/\/lavereda.com.mx\/index.php\/wp-json\/wp\/v2\/media?parent=3703"}],"wp:term":[{"taxonomy":"category","embeddable":true,"href":"https:\/\/lavereda.com.mx\/index.php\/wp-json\/wp\/v2\/categories?post=3703"},{"taxonomy":"post_tag","embeddable":true,"href":"https:\/\/lavereda.com.mx\/index.php\/wp-json\/wp\/v2\/tags?post=3703"}],"curies":[{"name":"wp","href":"https:\/\/api.w.org\/{rel}","templated":true}]}}