{"id":3694,"date":"2022-05-26T01:12:40","date_gmt":"2022-05-26T01:12:40","guid":{"rendered":"http:\/\/lavereda.com.mx\/?p=3694"},"modified":"2022-05-26T02:15:40","modified_gmt":"2022-05-26T02:15:40","slug":"el-centro-cultural-la-harinera-alberga-el-arte-de-ceramistas-de-coahuila","status":"publish","type":"post","link":"https:\/\/lavereda.com.mx\/index.php\/2022\/05\/26\/el-centro-cultural-la-harinera-alberga-el-arte-de-ceramistas-de-coahuila\/","title":{"rendered":"El Centro Cultural La Harinera alberga el arte de ceramistas de Coahuila"},"content":{"rendered":"\n<p>Una compa\u00f1\u00eda industrial de principios de siglo que form\u00f3 parte de las primeras f\u00e1bricas que impulsaron la vida econ\u00f3mica de Torre\u00f3n, se ha convertido en un espacio cultural para recibir expresiones art\u00edsticas: se trata de la Antigua Harinera, hoy Centro Cultural de Artes y Oficios.<\/p>\n\n\n\n<p>En el sector Alianza, una ma\u00f1ana calurosa de mayo, se dieron cita artistas de Torre\u00f3n y Saltillo, que trabajan la cer\u00e1mica como un medio de expresi\u00f3n visual. Bajo la coordinaci\u00f3n de la artista de Patricia G. Santiago, del Instituto Municipal de Cultura y Educaci\u00f3n, Alfresco Bazar y otras instituciones, se inaugur\u00f3 la exposici\u00f3n \u201cCer\u00e1mica en el Desierto Laguna\u201d, dentro del 1er Encuentro Internacional de Cer\u00e1mica \u201cRakusear\u201d.<\/p>\n\n\n\n<p>La antigua f\u00e1brica es un espacio generoso. En un segundo piso desde el sector que vio nacer a la ciudad, un estacionamiento frente a las v\u00edas y el paso del tren, recibe a los visitantes. El espacio multidisciplinario es sede de la primera exposici\u00f3n de arte en su historia y dio la bienvenida a un nutrido grupo de laguneros, entre artistas y espectadores, que disfrutaron o quiz\u00e1s visitaron por primera vez, el viejo sector Alianza. El verdadero poniente de la ciudad.<\/p>\n\n\n\n<p>Alrededor de 30 artistas de cer\u00e1mica exponen esta semana sus obras en el nuevo centro cultural de artes y oficios. Todo naci\u00f3 por iniciativa del artista Sinhu\u00e9 Delgado, comparti\u00f3 Patricia Santiago.<\/p>\n\n\n\n<p>\u201c\u00c9l es un maestro de la cer\u00e1mica que tiene una tradici\u00f3n familiar del oficio, es un entusiasta, imparti\u00f3 una charla de la obtenci\u00f3n de materiales. Tiene un colectivo Siete m\u00e1s Uno en Saltillo, que organizan muchos eventos. Propuso hacer un encuentro de todos los ceramistas en Coahuila. Nosotros invitamos a Alfresco Bazar a participar\u00bb.<\/p>\n\n\n\n<p>La coordinadora de artes visuales en el IMCE, agreg\u00f3 que \u201chay muchos artistas que est\u00e1n haciendo cer\u00e1mica y est\u00e1n en la exploraci\u00f3n. La Cer\u00e1mica tiene un trasfondo utilitario, es una de las manifestaciones est\u00e9ticas m\u00e1s primigenias. Muchas de las piezas tienen destinos utilitarios y otras son expresivas. Hay de ambas. Hay mucho de oficio tambi\u00e9n\u201d.<\/p>\n\n\n\n<p>La exposici\u00f3n permanece hasta este viernes y algunos de los participantes son:\u00a0Marcela Cuerda Gil, Safos One, Pofi, Mon Mtz Cer\u00e1mica, Guadalupe Castro, Edurne Otaduy, Elizabeth UC, Eduardo Flores, Kuizon, Mariangel Gonz\u00e1lez, Jes\u00fas Soto,\u00a0Ricardo Rodr\u00edguez, entre otros.<\/p>\n","protected":false},"excerpt":{"rendered":"<p>Una compa\u00f1\u00eda industrial de principios de siglo que form\u00f3 parte de las primeras f\u00e1bricas que impulsaron la vida econ\u00f3mica de Torre\u00f3n, se ha convertido en un espacio cultural para recibir &hellip; <a href=\"https:\/\/lavereda.com.mx\/index.php\/2022\/05\/26\/el-centro-cultural-la-harinera-alberga-el-arte-de-ceramistas-de-coahuila\/\" class=\"more-link\">Leer m\u00e1s<\/a><\/p>\n","protected":false},"author":9,"featured_media":3695,"comment_status":"open","ping_status":"open","sticky":false,"template":"","format":"standard","meta":{"footnotes":""},"categories":[3,18],"tags":[],"class_list":["post-3694","post","type-post","status-publish","format-standard","has-post-thumbnail","hentry","category-artes-visuales","category-lomasrelevante","entry"],"_links":{"self":[{"href":"https:\/\/lavereda.com.mx\/index.php\/wp-json\/wp\/v2\/posts\/3694","targetHints":{"allow":["GET"]}}],"collection":[{"href":"https:\/\/lavereda.com.mx\/index.php\/wp-json\/wp\/v2\/posts"}],"about":[{"href":"https:\/\/lavereda.com.mx\/index.php\/wp-json\/wp\/v2\/types\/post"}],"author":[{"embeddable":true,"href":"https:\/\/lavereda.com.mx\/index.php\/wp-json\/wp\/v2\/users\/9"}],"replies":[{"embeddable":true,"href":"https:\/\/lavereda.com.mx\/index.php\/wp-json\/wp\/v2\/comments?post=3694"}],"version-history":[{"count":3,"href":"https:\/\/lavereda.com.mx\/index.php\/wp-json\/wp\/v2\/posts\/3694\/revisions"}],"predecessor-version":[{"id":3698,"href":"https:\/\/lavereda.com.mx\/index.php\/wp-json\/wp\/v2\/posts\/3694\/revisions\/3698"}],"wp:featuredmedia":[{"embeddable":true,"href":"https:\/\/lavereda.com.mx\/index.php\/wp-json\/wp\/v2\/media\/3695"}],"wp:attachment":[{"href":"https:\/\/lavereda.com.mx\/index.php\/wp-json\/wp\/v2\/media?parent=3694"}],"wp:term":[{"taxonomy":"category","embeddable":true,"href":"https:\/\/lavereda.com.mx\/index.php\/wp-json\/wp\/v2\/categories?post=3694"},{"taxonomy":"post_tag","embeddable":true,"href":"https:\/\/lavereda.com.mx\/index.php\/wp-json\/wp\/v2\/tags?post=3694"}],"curies":[{"name":"wp","href":"https:\/\/api.w.org\/{rel}","templated":true}]}}