{"id":3691,"date":"2022-05-25T00:17:15","date_gmt":"2022-05-25T00:17:15","guid":{"rendered":"http:\/\/lavereda.com.mx\/?p=3691"},"modified":"2022-05-25T00:17:16","modified_gmt":"2022-05-25T00:17:16","slug":"estrenan-el-montaje-los-muros-del-paraiso-en-formato-de-teatro-intimo","status":"publish","type":"post","link":"https:\/\/lavereda.com.mx\/index.php\/2022\/05\/25\/estrenan-el-montaje-los-muros-del-paraiso-en-formato-de-teatro-intimo\/","title":{"rendered":"Estrenan el montaje \u201cLos muros del para\u00edso\u201d en formato de teatro \u00edntimo"},"content":{"rendered":"\n<ul class=\"wp-block-list\"><li><strong>Las funciones de estreno son el jueves 26, viernes 27 y s\u00e1bado 28 de mayo de 2022, a las 21:00 horas.<\/strong><\/li><\/ul>\n\n\n\n<p>Llega a escena una nueva obra de la compa\u00f1\u00eda Lola Mar \u2013 Adoratorio teatral, bajo la direcci\u00f3n de Enrique Esquivel. Esta vez la historia est\u00e1 basada en \u201cSe\u00f1orita Julia\u201d del escritor sueco August Strindberg y ser\u00e1 estrenada en el patio central del Centro Cultural Casa Mud\u00e9jar.<\/p>\n\n\n\n<p>\u201cLos muros del para\u00edso\u201d es una adaptaci\u00f3n de Enrique Esquivel quien traslada la historia a nuestro pa\u00eds y retoma los temas centrales de la obra, mismos que son relevantes en la vida contempor\u00e1nea: las tensiones y juegos de poder entre las mujeres y los hombres, el cuestionamiento a los roles de clase y de g\u00e9nero, aderezado con una comicidad er\u00f3tica de que la se hace participe al p\u00fablico en las veladas teatrales al aire libre bajo una propuesta de teatro \u00edntimo.&nbsp;<\/p>\n\n\n\n<p>Las funciones de estreno son el jueves 26, viernes 27 y s\u00e1bado 28 de mayo de 2022, a las 21:00 horas.<\/p>\n\n\n\n<p>Este es el cuarto montaje de LOLA MAR, los cuales se han estrenado y tenido temporadas en Casa Mud\u00e9jar ubicado en la calle Ildefonso Fuentes #66 sur, en el centro de Torre\u00f3n.<\/p>\n\n\n\n<p>La sinopsis nos sit\u00faa en una&nbsp;hacienda imaginaria en M\u00e9xico, donde Julia, la hija del Patr\u00f3n, seduce a Juan, el criado de su padre. Ambos buscan escalar los muros de la hacienda y encontrar su propio para\u00edso. Una barrera invisible se los impide\u2026 \u00bfpodr\u00e1n finalmente escapar?<\/p>\n\n\n\n<p>La obra es dirigida a a adolescentes y adultos y tiene una duraci\u00f3n de 40 minutos.<\/p>\n\n\n\n<p>Cr\u00e9ditos<\/p>\n\n\n\n<ul class=\"wp-block-list\"><li>Act\u00faan: Estefan\u00eda Marrufo y Arturo Aranda<\/li><li>Dirige: Enrique Esquivel<\/li><li>Maquillaje y peinado: Erika Salinas<\/li><li>Producci\u00f3n: LOLA MAR-Adoratorio Teatral.<\/li><\/ul>\n\n\n\n<p><\/p>\n","protected":false},"excerpt":{"rendered":"<p>Las funciones de estreno son el jueves 26, viernes 27 y s\u00e1bado 28 de mayo de 2022, a las 21:00 horas. Llega a escena una nueva obra de la compa\u00f1\u00eda &hellip; <a href=\"https:\/\/lavereda.com.mx\/index.php\/2022\/05\/25\/estrenan-el-montaje-los-muros-del-paraiso-en-formato-de-teatro-intimo\/\" class=\"more-link\">Leer m\u00e1s<\/a><\/p>\n","protected":false},"author":1,"featured_media":3692,"comment_status":"open","ping_status":"open","sticky":false,"template":"","format":"standard","meta":{"footnotes":""},"categories":[2,18],"tags":[],"class_list":["post-3691","post","type-post","status-publish","format-standard","has-post-thumbnail","hentry","category-artes-escenicas","category-lomasrelevante","entry"],"_links":{"self":[{"href":"https:\/\/lavereda.com.mx\/index.php\/wp-json\/wp\/v2\/posts\/3691","targetHints":{"allow":["GET"]}}],"collection":[{"href":"https:\/\/lavereda.com.mx\/index.php\/wp-json\/wp\/v2\/posts"}],"about":[{"href":"https:\/\/lavereda.com.mx\/index.php\/wp-json\/wp\/v2\/types\/post"}],"author":[{"embeddable":true,"href":"https:\/\/lavereda.com.mx\/index.php\/wp-json\/wp\/v2\/users\/1"}],"replies":[{"embeddable":true,"href":"https:\/\/lavereda.com.mx\/index.php\/wp-json\/wp\/v2\/comments?post=3691"}],"version-history":[{"count":1,"href":"https:\/\/lavereda.com.mx\/index.php\/wp-json\/wp\/v2\/posts\/3691\/revisions"}],"predecessor-version":[{"id":3693,"href":"https:\/\/lavereda.com.mx\/index.php\/wp-json\/wp\/v2\/posts\/3691\/revisions\/3693"}],"wp:featuredmedia":[{"embeddable":true,"href":"https:\/\/lavereda.com.mx\/index.php\/wp-json\/wp\/v2\/media\/3692"}],"wp:attachment":[{"href":"https:\/\/lavereda.com.mx\/index.php\/wp-json\/wp\/v2\/media?parent=3691"}],"wp:term":[{"taxonomy":"category","embeddable":true,"href":"https:\/\/lavereda.com.mx\/index.php\/wp-json\/wp\/v2\/categories?post=3691"},{"taxonomy":"post_tag","embeddable":true,"href":"https:\/\/lavereda.com.mx\/index.php\/wp-json\/wp\/v2\/tags?post=3691"}],"curies":[{"name":"wp","href":"https:\/\/api.w.org\/{rel}","templated":true}]}}