{"id":3684,"date":"2022-05-22T21:39:04","date_gmt":"2022-05-22T21:39:04","guid":{"rendered":"http:\/\/lavereda.com.mx\/?p=3684"},"modified":"2022-05-22T21:39:05","modified_gmt":"2022-05-22T21:39:05","slug":"el-milagro-y-la-sonrisa-en-una-emotiva-tarde","status":"publish","type":"post","link":"https:\/\/lavereda.com.mx\/index.php\/2022\/05\/22\/el-milagro-y-la-sonrisa-en-una-emotiva-tarde\/","title":{"rendered":"El Milagro y la Sonrisa, en una emotiva tarde"},"content":{"rendered":"\n<p class=\"has-text-align-right\">A mi amiga<\/p>\n\n\n\n<p>Conoc\u00ed a Daniella Giacom\u00e1n desde que \u00e9ramos universitarias, hace m\u00e1s de 22 a\u00f1os, colaboramos en una publicaci\u00f3n literaria que llamamos \u201cPolimnia\u201d en la Universidad La Salle y supe desde entonces que a ella siempre le gust\u00f3 escribir.&nbsp;<\/p>\n\n\n\n<p>Nunca dud\u00e9 de su capacidad para comunicarse a trav\u00e9s de la palabra, por eso, cuando su hermana me pidi\u00f3 recomendarla para realizar pr\u00e1cticas profesionales en Milenio Laguna, de inmediato habl\u00e9 con Marcela Moreno, directora editorial, quien la entrevist\u00f3 y la acept\u00f3 primero como practicante y poco tiempo despu\u00e9s la contrat\u00f3 como reportera.<\/p>\n\n\n\n<p>En esta casa editora ella fue reportera de la fuente cultural, deportiva, local, de espect\u00e1culos, columnista y editora. Pr\u00e1cticamente pas\u00f3 por todas las secciones y como ella misma lo cuenta en este libro y si no me equivoco en decirlo, nunca sufri\u00f3 discriminaci\u00f3n laboral ni de ning\u00fan tipo. Al contrario, era amiga de todas y todos en el peri\u00f3dico, asist\u00eda a todas las reuniones, le encantaba la fiesta, conversar y emocionarse y tambi\u00e9n renegar por todos los sucesos que a los periodistas nos toca presenciar.<\/p>\n\n\n\n<p>Daniella se lanz\u00f3 al ruedo en el periodismo: no tuvo miedo (o no lo demostr\u00f3) en entrevistar a distintas personalidades, en cubrir y rese\u00f1ar conciertos, obras de teatro, partidos de futbol, de hacer preguntas en las ruedas de prensa. Logr\u00f3 hacerse amiga de la comunidad cultural y de espect\u00e1culos.<\/p>\n\n\n\n<p>Me une a Daniella, adem\u00e1s del tiempo en compartir estas coberturas, de ser compa\u00f1eras en una redacci\u00f3n, una gran amistad. Siempre he pensado que las personas que viven con una condici\u00f3n especial, saben desarrollar muy bien otros de sus sentidos. Con ella he podido comprobarlo, es una mujer que ha desarrollado una atenta capacidad de escucha, saber aconsejar, te hace sentir acompa\u00f1ada y nunca se aleja por completo.<\/p>\n\n\n\n<p>Aunque debo decir que nada en ella es de menor importancia: ni su manera de hablar, su talento al escribir, su postura tan humanista ante la vida, su capacidad de adaptaci\u00f3n a los retos, porque vaya que los ha tenido y lo que ha vivido para llegar a donde est\u00e1, es sin duda una lecci\u00f3n de vida para quienes la conocemos.<\/p>\n\n\n\n<p>La escritura como testimonio es sin duda, una v\u00eda de sanaci\u00f3n, de catarsis y un medio para compartir una visi\u00f3n del mundo aut\u00e9ntica y honesta. Los cap\u00edtulos de este libro llevar\u00e1n a los lectores por las etapas de vida de Daniella en el contexto de su condici\u00f3n, el s\u00edndrome de Moebius, al que ella ha dedicado en los a\u00f1os recientes mucho de su tiempo por difundirlo y crear conciencia para que las personas en esta lucha, cuenten con m\u00e1s apoyo.<\/p>\n\n\n\n<p>Aunque conozco a Daniella desde hace dos d\u00e9cadas, admito que la lectura del \u201cMilagro y la sonrisa\u201d me ha conmovido, porque para mi ha sido natural llevar una amistad con ella presencial y a la distancia, pero ignoraba muchos episodios que ella vivi\u00f3 desde los primeros d\u00edas de nacida, hasta el 2013, a\u00f1o de su \u00faltima operaci\u00f3n.<\/p>\n\n\n\n<p>Ignoraba, por ejemplo, que de ni\u00f1a cuando tomaba clases de ballet se quitaba las zapatillas para poder sentir con los pies las vibraciones de la m\u00fasica, debido a que ten\u00eda problemas para escuchar bien. Al leer este libro pude conocer algunas an\u00e9cdotas de las dificultades que enfrent\u00f3 en la convivencia con algunas personas, que no lo comprend\u00edan o no la aceptaban; pero que creo fueron muy pocas, porque Daniella siempre supo ganarse el cari\u00f1o, la simpat\u00eda y el reconocimiento de mucha gente.<\/p>\n\n\n\n<p>Ella no s\u00f3lo fue una joven que consigui\u00f3 trabajo al poco tiempo de egresar de la carrera de comunicaci\u00f3n, sino que adem\u00e1s se desplaz\u00f3 para trabajar a otras ciudades como Saltillo, Zacatecas y Ciudad de M\u00e9xico. A \u00e9sta \u00faltima, viaj\u00f3 para recibir las cirug\u00edas que le han permitido, como ella afirma, tener un poco de movilidad en el rostro y la anhelada sonrisa. Pero para mi, su sonrisa siempre ha estado ah\u00ed. La escuchado re\u00edr a carcajadas en numerosas ocasiones y cr\u00e9anme que su \u00e1nimo contagia.<\/p>\n\n\n\n<p>Ser editora de varias secciones, redactora, reportera, articulista y haber entrevistado a tantas personalidades en distintas ciudades de M\u00e9xico, es algo que la ha forjado, que le ha dado car\u00e1cter y fortaleza para seguir siempre adelante. Su historia es y ser\u00e1, no tengo duda, un ejemplo de vida para muchas ni\u00f1as, ni\u00f1os o j\u00f3venes con o sin alguna discapacidad. Porque para mi, ella es sobre todo una persona con una gran condici\u00f3n humana, una persona aut\u00e9ntica que llegar\u00e1 cada vez m\u00e1s lejos en el camino de la escritura.<\/p>\n\n\n\n<p>Gracias Daniella por compartirnos y a regalarnos tus sonrisas y tu historia. Gracias a Editorial Amonite por hacerlo posible.<\/p>\n\n\n\n<p><em>(Texto le\u00eddo el 20 de mayo en la presentaci\u00f3n del libro \u201cEl Milagro y la Sonrisa\u201d)<\/em><\/p>\n","protected":false},"excerpt":{"rendered":"<p>A mi amiga Conoc\u00ed a Daniella Giacom\u00e1n desde que \u00e9ramos universitarias, hace m\u00e1s de 22 a\u00f1os, colaboramos en una publicaci\u00f3n literaria que llamamos \u201cPolimnia\u201d en la Universidad La Salle y &hellip; <a href=\"https:\/\/lavereda.com.mx\/index.php\/2022\/05\/22\/el-milagro-y-la-sonrisa-en-una-emotiva-tarde\/\" class=\"more-link\">Leer m\u00e1s<\/a><\/p>\n","protected":false},"author":9,"featured_media":3685,"comment_status":"open","ping_status":"open","sticky":false,"template":"","format":"standard","meta":{"footnotes":""},"categories":[5],"tags":[],"class_list":["post-3684","post","type-post","status-publish","format-standard","has-post-thumbnail","hentry","category-letras-y-libros","entry"],"_links":{"self":[{"href":"https:\/\/lavereda.com.mx\/index.php\/wp-json\/wp\/v2\/posts\/3684","targetHints":{"allow":["GET"]}}],"collection":[{"href":"https:\/\/lavereda.com.mx\/index.php\/wp-json\/wp\/v2\/posts"}],"about":[{"href":"https:\/\/lavereda.com.mx\/index.php\/wp-json\/wp\/v2\/types\/post"}],"author":[{"embeddable":true,"href":"https:\/\/lavereda.com.mx\/index.php\/wp-json\/wp\/v2\/users\/9"}],"replies":[{"embeddable":true,"href":"https:\/\/lavereda.com.mx\/index.php\/wp-json\/wp\/v2\/comments?post=3684"}],"version-history":[{"count":1,"href":"https:\/\/lavereda.com.mx\/index.php\/wp-json\/wp\/v2\/posts\/3684\/revisions"}],"predecessor-version":[{"id":3686,"href":"https:\/\/lavereda.com.mx\/index.php\/wp-json\/wp\/v2\/posts\/3684\/revisions\/3686"}],"wp:featuredmedia":[{"embeddable":true,"href":"https:\/\/lavereda.com.mx\/index.php\/wp-json\/wp\/v2\/media\/3685"}],"wp:attachment":[{"href":"https:\/\/lavereda.com.mx\/index.php\/wp-json\/wp\/v2\/media?parent=3684"}],"wp:term":[{"taxonomy":"category","embeddable":true,"href":"https:\/\/lavereda.com.mx\/index.php\/wp-json\/wp\/v2\/categories?post=3684"},{"taxonomy":"post_tag","embeddable":true,"href":"https:\/\/lavereda.com.mx\/index.php\/wp-json\/wp\/v2\/tags?post=3684"}],"curies":[{"name":"wp","href":"https:\/\/api.w.org\/{rel}","templated":true}]}}