{"id":3669,"date":"2022-05-20T04:13:40","date_gmt":"2022-05-20T04:13:40","guid":{"rendered":"http:\/\/lavereda.com.mx\/?p=3669"},"modified":"2022-05-21T15:30:06","modified_gmt":"2022-05-21T15:30:06","slug":"presentara-tec-de-monterrey-campus-laguna-el-espectaculo-de-danza-contemporanea-vinculo","status":"publish","type":"post","link":"https:\/\/lavereda.com.mx\/index.php\/2022\/05\/20\/presentara-tec-de-monterrey-campus-laguna-el-espectaculo-de-danza-contemporanea-vinculo\/","title":{"rendered":"Presentar\u00e1 Tec de Monterrey Campus  el espect\u00e1culo de danza contempor\u00e1nea \u201cV\u00ednculo\u201d"},"content":{"rendered":"\n<ul class=\"wp-block-list\"><li> <strong>Se realizar\u00e1 el 25 de mayo a las 20:00 horas en el Teatro Isauro Mart\u00ednez. Los boletos<br>est\u00e1n disponibles en la taquilla del recinto y en la p\u00e1gina boletos.newticket.com.mx.<\/strong><\/li><li><strong>14 bailarines subir\u00e1n al escenario en una creaci\u00f3n original de baile, m\u00fasica e iluminaci\u00f3n dirigida<br>por los profesores Mariana Constantino Hern\u00e1ndez y Emanu\u00e9l Gait\u00e1n Cerda.<\/strong><br><\/li><\/ul>\n\n\n\n<p>La Compa\u00f1\u00eda de Danza del Tecnol\u00f3gico de Monterrey Campus Laguna presentar\u00e1 V\u00ednculo, un espect\u00e1culo de danza contempor\u00e1nea que se realizar\u00e1 el 25 de mayo a las 20:00 horas en el Teatro Isauro Mart\u00ednez. 14 personas en escena integran la obra que es idea original de los profesores, Mariana Constantino Hern\u00e1ndez y Emanu\u00e9l Gait\u00e1n Cerda y que fue realizada durante el 2021 tras el aislamiento por la pandemia.<\/p>\n\n\n\n<blockquote class=\"wp-block-quote is-layout-flow wp-block-quote-is-layout-flow\"><p><br>\u201cV\u00ednculo es una obra que naci\u00f3 de esta necesidad que ten\u00edamos de autoconocer nuestras emociones y pensamientos y a la vez comunicarlos y conectar con el otro de manera constante a favor de nuestra sobrevivencia, no solo individualmente sino como colectivo, como especie en general\u201d.<\/p><\/blockquote>\n\n\n\n<p>As\u00ed lo expres\u00f3 Emanu\u00e9l Gait\u00e1n, director de la compa\u00f1\u00eda, quien explic\u00f3 que el montaje que representa la relevancia de la conexi\u00f3n humana, fue preparado desde el 2021 de manera virtual hasta ensamblar los movimientos de manera presencial conforme se dieron la condiciones para la realizaci\u00f3n de ensayos presenciales.<\/p>\n\n\n\n<p>El espect\u00e1culo fue presentado en diciembre de 2021 a un n\u00famero reducido de asistentes en las instalaciones del Tec campus Laguna, pero es tras la apertura de espacios que se decide compartir al p\u00fablico en general, pero ahora en el Teatro Isauro Mart\u00ednez.<\/p>\n\n\n\n<p>\u201cAhora se decide hacer una reposici\u00f3n de la obra porque dentro de estas limitantes que tuvimos al principio en la creaci\u00f3n no pudimos proyectar de manera profunda la conexi\u00f3n directa que tuvo el ser humano despu\u00e9s de este proceso pand\u00e9mico\u201d, explic\u00f3 Gait\u00e1n.<\/p>\n\n\n\n<p>Los creadores destacaron que la construcci\u00f3n del espect\u00e1culo permitir\u00e1 al p\u00fablico emocionarse en cada escena y cap\u00edtulo.<\/p>\n\n\n\n<p>Para conseguir esta emoci\u00f3n, Emanu\u00e9l Gait\u00e1n comparti\u00f3 que la compa\u00f1\u00eda realiz\u00f3 una labor disciplinar danc\u00edstica de tres estilos y t\u00e9cnicas de movimiento que revisan a lo largo de la semana, adem\u00e1s de una clase de trabajo de co-creaci\u00f3n y de composici\u00f3n coreogr\u00e1fica.<\/p>\n\n\n\n<p>Por su parte, Paulina Mora Troncoso, alumna de la licenciaura en Estrategia y Transformaci\u00f3n de Negocios y bailarina de V\u00ednculo, destac\u00f3 la preparaci\u00f3n que han tenido para poder enfrentar el reto de este montaje.<\/p>\n\n\n\n<p>Los boletos para V\u00ednculo est\u00e1n disponibles en la taquilla del teatro y en la p\u00e1gina boletos.newticket.com.mx<\/p>\n","protected":false},"excerpt":{"rendered":"<p>Se realizar\u00e1 el 25 de mayo a las 20:00 horas en el Teatro Isauro Mart\u00ednez. Los boletosest\u00e1n disponibles en la taquilla del recinto y en la p\u00e1gina boletos.newticket.com.mx. 14 bailarines &hellip; <a href=\"https:\/\/lavereda.com.mx\/index.php\/2022\/05\/20\/presentara-tec-de-monterrey-campus-laguna-el-espectaculo-de-danza-contemporanea-vinculo\/\" class=\"more-link\">Leer m\u00e1s<\/a><\/p>\n","protected":false},"author":1,"featured_media":3670,"comment_status":"open","ping_status":"open","sticky":false,"template":"","format":"standard","meta":{"footnotes":""},"categories":[2,18],"tags":[],"class_list":["post-3669","post","type-post","status-publish","format-standard","has-post-thumbnail","hentry","category-artes-escenicas","category-lomasrelevante","entry"],"_links":{"self":[{"href":"https:\/\/lavereda.com.mx\/index.php\/wp-json\/wp\/v2\/posts\/3669","targetHints":{"allow":["GET"]}}],"collection":[{"href":"https:\/\/lavereda.com.mx\/index.php\/wp-json\/wp\/v2\/posts"}],"about":[{"href":"https:\/\/lavereda.com.mx\/index.php\/wp-json\/wp\/v2\/types\/post"}],"author":[{"embeddable":true,"href":"https:\/\/lavereda.com.mx\/index.php\/wp-json\/wp\/v2\/users\/1"}],"replies":[{"embeddable":true,"href":"https:\/\/lavereda.com.mx\/index.php\/wp-json\/wp\/v2\/comments?post=3669"}],"version-history":[{"count":3,"href":"https:\/\/lavereda.com.mx\/index.php\/wp-json\/wp\/v2\/posts\/3669\/revisions"}],"predecessor-version":[{"id":3682,"href":"https:\/\/lavereda.com.mx\/index.php\/wp-json\/wp\/v2\/posts\/3669\/revisions\/3682"}],"wp:featuredmedia":[{"embeddable":true,"href":"https:\/\/lavereda.com.mx\/index.php\/wp-json\/wp\/v2\/media\/3670"}],"wp:attachment":[{"href":"https:\/\/lavereda.com.mx\/index.php\/wp-json\/wp\/v2\/media?parent=3669"}],"wp:term":[{"taxonomy":"category","embeddable":true,"href":"https:\/\/lavereda.com.mx\/index.php\/wp-json\/wp\/v2\/categories?post=3669"},{"taxonomy":"post_tag","embeddable":true,"href":"https:\/\/lavereda.com.mx\/index.php\/wp-json\/wp\/v2\/tags?post=3669"}],"curies":[{"name":"wp","href":"https:\/\/api.w.org\/{rel}","templated":true}]}}