{"id":3632,"date":"2022-05-13T14:27:17","date_gmt":"2022-05-13T14:27:17","guid":{"rendered":"http:\/\/lavereda.com.mx\/?p=3632"},"modified":"2022-05-14T00:10:48","modified_gmt":"2022-05-14T00:10:48","slug":"sorpresa-en-el-noveno-concierto-de-la-camerata-de-coahuila","status":"publish","type":"post","link":"https:\/\/lavereda.com.mx\/index.php\/2022\/05\/13\/sorpresa-en-el-noveno-concierto-de-la-camerata-de-coahuila\/","title":{"rendered":"Mariana Chabukiani es la solista en el noveno concierto de Camerata de Coahuila"},"content":{"rendered":"\n<ul class=\"wp-block-list\"><li>El concierto tendr\u00e1 dos fechas, viernes 13 y domingo 15 de mayo en el Teatro Isauro Mart\u00ednez. &nbsp;<\/li><\/ul>\n\n\n\n<p>En su novena fecha de la Temporada Primavera Verano 2022, la Camerata de Coahuila presenta el concierto para piano No.1 de Piotr Ilich Tchaikovsky y la Sinfon\u00eda no. 1 en Do Mayor Opus 21 de Ludwig Van Beethoven, bajo la direcci\u00f3n del maestro Ram\u00f3n Shade y con la participaci\u00f3n de la talentosa pianista Mariana Chabukiani.<\/p>\n\n\n\n<p>El programa dar\u00e1 inicio con la Sinfon\u00eda n. 1 de Ludwig Van Beethoven, compuesta entre 1799 y 1800, con algunos apuntes que datan de 1795, fue dedicada al bar\u00f3n Gottfried Van Swieten y estrenada el 2 de abril de 1800 en el Burgtheater de Viena, en un concierto organizado por el mismo compositor. Beethoven empez\u00f3 a componer esta sinfon\u00eda cuando ten\u00eda 25 a\u00f1os. En ella, podemos observar la influencia de Mozart y Haydn, pero tambi\u00e9n los destellos de la grandeza \u00fanica de Beethoven; como ejemplo, inicia con una tonalidad diferente a la que est\u00e1 escrita como una manera de romper con lo establecido, dando un ejemplo de lo que su extraordinaria m\u00fasica se convertir\u00eda a\u00f1os m\u00e1s tarde.<\/p>\n\n\n\n<p>En la segunda parte del programa y para cerrar con broche de oro, se dar\u00e1 paso al Concierto para Piano No. 1 de Tchaikovsky, contando con la participaci\u00f3n de la pianista de casa Mariana Chabukiani como solista. La maestra Chabukiani, es originaria de Georgia, gran ejecutante y maestra de piano. Por m\u00e1s de dos d\u00e9cadas ha sido la pianista de la Camerata de Coahuila.<\/p>\n\n\n\n<blockquote class=\"wp-block-quote is-layout-flow wp-block-quote-is-layout-flow\"><p>Debido a su gran dedicaci\u00f3n, talento y profesionalismo, ha sido acreedora a un reconocimiento obtenido en el Carnegie Hall de NewYork, premio a la mejor Maestra 2020, premio a la mejor t\u00e9cnica, en el que su alumno Ra\u00fal Salazar Guti\u00e9rrez fue ganador de la Medalla De Oro y Premio Platino en el Forte International Music Competition.<\/p><\/blockquote>\n\n\n\n<p>Sobre el Concierto para Piano y Orquesta, fue compuesto entre noviembre y diciembre de 1874, completando su orquestaci\u00f3n en el mes de febrero del siguiente a\u00f1o. Finalmente fue estrenado el 25 de octubre de 1875 en Boston, interpretado por Hans Von B\u00fcllow con la orquesta dirigida por Benjamin Johnson Lang. Tchaikovski hizo peque\u00f1as modificaciones a esta obra en 1879 y de nuevo en 1888. Esta \u00faltima versi\u00f3n fue la definitiva y es la que actualmente se interpreta en todo el mundo. El primer movimiento, allegro non troppo e molto maestoso, empieza con una introducci\u00f3n en la que aparece un tema majestuoso, que de modo enigm\u00e1tico desaparece de la obra sin que vuelva a repetirse, continua con la entrada del primer tema del allegro, un tema de car\u00e1cter optimista. <\/p>\n\n\n\n<p>El clarinete presenta el segundo tema de modo contrastante con un car\u00e1cter l\u00edrico y so\u00f1ador. El segundo movimiento, andantino semplice, empieza con el tema principal interpretado por la flauta que luego pasa al piano. Los violoncellos reexponen el tema pasando luego al oboe. La secci\u00f3n central cambia a prestissimo con una melod\u00eda r\u00edtmica agitada en la cuerda. Termina con la recapitulaci\u00f3n del tema inicial que es repetido por el oboe. <\/p>\n\n\n\n<p>El tercer movimiento, allegro con fuoco, presenta un vibrante tema, una danza vigorosa de origen ucraniano que contrasta con un segundo tema mel\u00f3dico de car\u00e1cter l\u00edrico. Este concierto gratuito tendr\u00e1 dos presentaciones.<\/p>\n","protected":false},"excerpt":{"rendered":"<p>El concierto tendr\u00e1 dos fechas, viernes 13 y domingo 15 de mayo en el Teatro Isauro Mart\u00ednez. &nbsp; En su novena fecha de la Temporada Primavera Verano 2022, la Camerata &hellip; <a href=\"https:\/\/lavereda.com.mx\/index.php\/2022\/05\/13\/sorpresa-en-el-noveno-concierto-de-la-camerata-de-coahuila\/\" class=\"more-link\">Leer m\u00e1s<\/a><\/p>\n","protected":false},"author":1,"featured_media":3633,"comment_status":"open","ping_status":"open","sticky":false,"template":"","format":"standard","meta":{"footnotes":""},"categories":[7,18,4],"tags":[],"class_list":["post-3632","post","type-post","status-publish","format-standard","has-post-thumbnail","hentry","category-entretenimiento","category-lomasrelevante","category-musica","entry"],"_links":{"self":[{"href":"https:\/\/lavereda.com.mx\/index.php\/wp-json\/wp\/v2\/posts\/3632","targetHints":{"allow":["GET"]}}],"collection":[{"href":"https:\/\/lavereda.com.mx\/index.php\/wp-json\/wp\/v2\/posts"}],"about":[{"href":"https:\/\/lavereda.com.mx\/index.php\/wp-json\/wp\/v2\/types\/post"}],"author":[{"embeddable":true,"href":"https:\/\/lavereda.com.mx\/index.php\/wp-json\/wp\/v2\/users\/1"}],"replies":[{"embeddable":true,"href":"https:\/\/lavereda.com.mx\/index.php\/wp-json\/wp\/v2\/comments?post=3632"}],"version-history":[{"count":4,"href":"https:\/\/lavereda.com.mx\/index.php\/wp-json\/wp\/v2\/posts\/3632\/revisions"}],"predecessor-version":[{"id":3644,"href":"https:\/\/lavereda.com.mx\/index.php\/wp-json\/wp\/v2\/posts\/3632\/revisions\/3644"}],"wp:featuredmedia":[{"embeddable":true,"href":"https:\/\/lavereda.com.mx\/index.php\/wp-json\/wp\/v2\/media\/3633"}],"wp:attachment":[{"href":"https:\/\/lavereda.com.mx\/index.php\/wp-json\/wp\/v2\/media?parent=3632"}],"wp:term":[{"taxonomy":"category","embeddable":true,"href":"https:\/\/lavereda.com.mx\/index.php\/wp-json\/wp\/v2\/categories?post=3632"},{"taxonomy":"post_tag","embeddable":true,"href":"https:\/\/lavereda.com.mx\/index.php\/wp-json\/wp\/v2\/tags?post=3632"}],"curies":[{"name":"wp","href":"https:\/\/api.w.org\/{rel}","templated":true}]}}