{"id":363,"date":"2020-08-15T23:26:18","date_gmt":"2020-08-15T23:26:18","guid":{"rendered":"https:\/\/web.lavereda.com.mx\/?p=363"},"modified":"2020-08-15T23:27:41","modified_gmt":"2020-08-15T23:27:41","slug":"que-es-una-pandemia-lanzan-videos-31-minutos-y-unicef","status":"publish","type":"post","link":"https:\/\/lavereda.com.mx\/index.php\/2020\/08\/15\/que-es-una-pandemia-lanzan-videos-31-minutos-y-unicef\/","title":{"rendered":"\u00bfQu\u00e9 es una pandemia? Lanzan videos 31 Minutos y Unicef"},"content":{"rendered":"\n<p>El conocido programa chileno \u00ab31 minutos\u00bb junto con UNICEF est\u00e1 haciendo interesantes videos sobre esta pandemia.&nbsp;<\/p>\n\n\n\n<p>Como protagonista ya no tenemos a Tulio si no a Juan Carlos Bodoque y nos relata la historia de c\u00f3mo Bodoque vive en cuarentena.<\/p>\n\n\n\n<hr class=\"wp-block-separator\" id=\"system-readmore\"\/>\n\n\n\n<p>El primer video trata sobre las clases en l\u00ednea en la escuela, aunque en mi opini\u00f3n lo sacaron un poco tarde, porque muchas escuelas ya est\u00e1n cerradas &nbsp;ya est\u00e1n todos de vacaciones.<\/p>\n\n\n\n<p>Pero creo es una buena idea y el segundo video nos relata m\u00e1s de la informaci\u00f3n sobre la pandemia. Juan Carlos Bodoque investiga sobre esto ya que se lo encargaron en la escuela y le llama a su amiga Corchetes, quien es la que canta \u201cSon pololos\u201d en 31 minutos, ella le dice toda la informaci\u00f3n sobre la pandemia.<\/p>\n\n\n\n<p>Aqu\u00ed el segundo video:<\/p>\n\n\n\n<p><em>*Silvestre es estudiante de primaria con 9 a\u00f1os&nbsp;<\/em><\/p>\n\n\n\n<figure class=\"wp-block-embed-youtube wp-block-embed is-type-rich is-provider-gestor-del-servicio wp-embed-aspect-16-9 wp-has-aspect-ratio\"><div class=\"wp-block-embed__wrapper\">\n<iframe title=\"Unicef + 31 minutos - Cuarentena 31 - Pandemia\" width=\"1170\" height=\"658\" src=\"https:\/\/www.youtube.com\/embed\/sGAc3VIE5JM?feature=oembed\" frameborder=\"0\" allow=\"accelerometer; autoplay; encrypted-media; gyroscope; picture-in-picture\" allowfullscreen><\/iframe>\n<\/div><\/figure>\n","protected":false},"excerpt":{"rendered":"<p>El conocido programa chileno \u00ab31 minutos\u00bb junto con UNICEF est\u00e1 haciendo interesantes videos sobre esta pandemia. <\/p>\n","protected":false},"author":8,"featured_media":365,"comment_status":"open","ping_status":"open","sticky":false,"template":"","format":"standard","meta":{"footnotes":""},"categories":[10],"tags":[],"class_list":["post-363","post","type-post","status-publish","format-standard","has-post-thumbnail","hentry","category-la-vereda-infantil","entry"],"_links":{"self":[{"href":"https:\/\/lavereda.com.mx\/index.php\/wp-json\/wp\/v2\/posts\/363","targetHints":{"allow":["GET"]}}],"collection":[{"href":"https:\/\/lavereda.com.mx\/index.php\/wp-json\/wp\/v2\/posts"}],"about":[{"href":"https:\/\/lavereda.com.mx\/index.php\/wp-json\/wp\/v2\/types\/post"}],"author":[{"embeddable":true,"href":"https:\/\/lavereda.com.mx\/index.php\/wp-json\/wp\/v2\/users\/8"}],"replies":[{"embeddable":true,"href":"https:\/\/lavereda.com.mx\/index.php\/wp-json\/wp\/v2\/comments?post=363"}],"version-history":[{"count":1,"href":"https:\/\/lavereda.com.mx\/index.php\/wp-json\/wp\/v2\/posts\/363\/revisions"}],"predecessor-version":[{"id":366,"href":"https:\/\/lavereda.com.mx\/index.php\/wp-json\/wp\/v2\/posts\/363\/revisions\/366"}],"wp:featuredmedia":[{"embeddable":true,"href":"https:\/\/lavereda.com.mx\/index.php\/wp-json\/wp\/v2\/media\/365"}],"wp:attachment":[{"href":"https:\/\/lavereda.com.mx\/index.php\/wp-json\/wp\/v2\/media?parent=363"}],"wp:term":[{"taxonomy":"category","embeddable":true,"href":"https:\/\/lavereda.com.mx\/index.php\/wp-json\/wp\/v2\/categories?post=363"},{"taxonomy":"post_tag","embeddable":true,"href":"https:\/\/lavereda.com.mx\/index.php\/wp-json\/wp\/v2\/tags?post=363"}],"curies":[{"name":"wp","href":"https:\/\/api.w.org\/{rel}","templated":true}]}}