{"id":3628,"date":"2022-05-13T14:23:59","date_gmt":"2022-05-13T14:23:59","guid":{"rendered":"http:\/\/lavereda.com.mx\/?p=3628"},"modified":"2022-05-14T00:09:34","modified_gmt":"2022-05-14T00:09:34","slug":"museo-regional-de-la-laguna-invita-a-celebrar-el-dia-de-los-museos","status":"publish","type":"post","link":"https:\/\/lavereda.com.mx\/index.php\/2022\/05\/13\/museo-regional-de-la-laguna-invita-a-celebrar-el-dia-de-los-museos\/","title":{"rendered":"Museo Regional de La Laguna invita a celebrar el D\u00eda de los Museos"},"content":{"rendered":"\n<ul class=\"wp-block-list\"><li>Cada a\u00f1o, desde 1977, el ICOM organiza el D\u00eda Internacional de los Museos, cuyo tema de en 2022 es:&nbsp;\u201cEl poder de los museos\u201d.<\/li><\/ul>\n\n\n\n<p>En coordinaci\u00f3n con los Museo de la Comarca Lagunera, el Museo Regional de La Laguna (MUREL) as\u00ed como todos los recintos participantes, invitan a la inauguraci\u00f3n de la exposici\u00f3n \u201cEl Poder de los Museos\u201d el d\u00eda 14 de mayo a las 17:00 horas<strong> <\/strong>en el Atrio de la Plaza Cuatro Caminos.\u00a0<\/p>\n\n\n\n<p>El MUREL inform\u00f3 que tendr\u00e1 un espacio para mostrar, por medio de una serie de im\u00e1genes manipulables, objetos y reproducciones, las tres grandes \u00e1reas de investigaci\u00f3n que, desde el INAH y a trav\u00e9s de las colecciones propias del museo, se vinculan estrechamente con el mismo: la arqueolog\u00eda, la paleontolog\u00eda y la etnograf\u00eda.&nbsp;<\/p>\n\n\n\n<p>A partir del 14 y hasta el 22 de mayo; los visitantes del museo podr\u00e1n formar parte del taller de \u201cSandalias del Desierto\u201d. Uno de los elementos arqueol\u00f3gicos que fueron descubiertos en la cueva de La Candelaria son los textiles, es muy dif\u00edcil que estos elementos sobrevivan en la intemperie. La colecci\u00f3n de textiles del MUREL es amplia, interesante y diversa.&nbsp;<\/p>\n\n\n\n<p>Dentro de estos textiles se encuentran las sandalias, que son atuendos muy caracter\u00edsticos de las sociedades del desierto lagunero por lo que el taller que se llevar\u00e1 a cabo durante esta, se realiza durante el taller, estas sandalias que ayudaban a paliar el calor y las espinas de nuestro entorno. Actividad para todo p\u00fablico disponible en el \u00e1rea de comunicaci\u00f3n educativa; en un horario de 12:00 a 17:00 horas sin necesidad de reservaci\u00f3n.\u00a0<\/p>\n\n\n\n<p>Por otra parte, el 15 mayo, a partir de las 9:00 inician las Rutas de Museos. Distintos autobuses trasladan de manera gratuita a los visitantes a diversos museos de la Regi\u00f3n. Cada ruta visitar\u00e1 solo 3 museos diferentes. Habr\u00e1 9 rutas y aquellas que llegar\u00e1n al MUREL ser\u00e1n las siguientes:&nbsp;<\/p>\n\n\n\n<p>La ruta 6, que saldr\u00e1 a las 9 horas desde la Plaza Mayor<strong> <\/strong>(Galeana y Matamoros) y visitar\u00e1 al Museo Arocena, al Museo Regional y al Museo Revoluci\u00f3n, concluyendo a las 13:30 horas en el lugar de partida.&nbsp;<\/p>\n\n\n\n<p>La ruta 7, que parte a las 9 horas de la Plaza de la colonia Zaragoza Sur y su recorrido incluir\u00e1 el Museo Regional, el Museo de los Metales y Planetarium Torre\u00f3n; concluyendo a las 13:30 horas en el lugar de partida.&nbsp;<\/p>\n\n\n\n<p>La Noche de Museos<strong> <\/strong>tendr\u00e1 lugar el 19 de mayo a las<strong> 1<\/strong>9:00 horas bajo el t\u00edtulo: \u201cEl museo a trav\u00e9s del lente de la comunidad\u201d. En esta noche se realizar\u00e1 un recorrido con intervenci\u00f3n fotogr\u00e1fica de los visitantes; donde el objetivo ser\u00e1 que los visitantes aprendan de manera sencilla y r\u00e1pida algunas t\u00e9cnicas fotogr\u00e1ficas con su celular o tablet; visiten la gran exposici\u00f3n temporal de \u201cPir\u00e1mides: Monta\u00f1as Sagradas\u201d y registren desde sus perspectivas, su recorrido y los detalles de la misma. Al finalizar la semana, se llevar\u00e1 a cabo una sencilla curadur\u00eda de visitantes para conformar una peque\u00f1a exposici\u00f3n virtual que de cuenta de las experiencias, sensaciones y miradas desde el lente de la comunidad. Este evento es presencial, se pide acudir con todas las medidas de seguridad, celular o Tablet y ropa c\u00f3moda.&nbsp;<\/p>\n\n\n\n<p>El 22 mayo a la 13:00 horas, en un evento h\u00edbrido, se tendr\u00e1 <em>funci\u00f3n de Cuentacuentos <\/em>en MUREL. Con la participaci\u00f3n del artista Edson Valenzuela que guiar\u00e1 al p\u00fablico asistente y seguidor a trav\u00e9s de la fantas\u00eda de los relatos seleccionados para esta funci\u00f3n. De manera presencial podr\u00e1 disfrutarse desde el Foro del MUREL y en su formato en l\u00ednea en vivo desde la p\u00e1gina de Facebook INAHmx.&nbsp;<\/p>\n\n\n\n<p>Y para cerrar el mes con esta celebraci\u00f3n el 26 mayo a las 12:30pm se transmitir\u00e1 la Conferencia \u201c<em>El museo: de la identidad hist\u00f3rica a la vida real. Algunas reflexiones despu\u00e9s de la experiencia\u201d. <\/em>La Dra. Sara Gabriela Baz S\u00e1nchez especialista en gesti\u00f3n cultural, ex directora del Museo Nacional del Virreinato (INAH) y del Museo Nacional de Arte (INBA), actualmente profesora de tiempo completo de la Universidad Iberoamericana; platicar\u00e1 un poco sobre su trabajo en ambos museos desde el punto de vista de la gesti\u00f3n p\u00fablica, procuraci\u00f3n de fondos y la restauraci\u00f3n del patrimonio. Este evento virtual podr\u00e1 seguirse desde la p\u00e1gina de Facebook INAHmx.&nbsp;<\/p>\n","protected":false},"excerpt":{"rendered":"<p>Cada a\u00f1o, desde 1977, el ICOM organiza el D\u00eda Internacional de los Museos, cuyo tema de en 2022 es:&nbsp;\u201cEl poder de los museos\u201d. En coordinaci\u00f3n con los Museo de la &hellip; <a href=\"https:\/\/lavereda.com.mx\/index.php\/2022\/05\/13\/museo-regional-de-la-laguna-invita-a-celebrar-el-dia-de-los-museos\/\" class=\"more-link\">Leer m\u00e1s<\/a><\/p>\n","protected":false},"author":1,"featured_media":3629,"comment_status":"open","ping_status":"open","sticky":false,"template":"","format":"standard","meta":{"footnotes":""},"categories":[3,18],"tags":[],"class_list":["post-3628","post","type-post","status-publish","format-standard","has-post-thumbnail","hentry","category-artes-visuales","category-lomasrelevante","entry"],"_links":{"self":[{"href":"https:\/\/lavereda.com.mx\/index.php\/wp-json\/wp\/v2\/posts\/3628","targetHints":{"allow":["GET"]}}],"collection":[{"href":"https:\/\/lavereda.com.mx\/index.php\/wp-json\/wp\/v2\/posts"}],"about":[{"href":"https:\/\/lavereda.com.mx\/index.php\/wp-json\/wp\/v2\/types\/post"}],"author":[{"embeddable":true,"href":"https:\/\/lavereda.com.mx\/index.php\/wp-json\/wp\/v2\/users\/1"}],"replies":[{"embeddable":true,"href":"https:\/\/lavereda.com.mx\/index.php\/wp-json\/wp\/v2\/comments?post=3628"}],"version-history":[{"count":2,"href":"https:\/\/lavereda.com.mx\/index.php\/wp-json\/wp\/v2\/posts\/3628\/revisions"}],"predecessor-version":[{"id":3643,"href":"https:\/\/lavereda.com.mx\/index.php\/wp-json\/wp\/v2\/posts\/3628\/revisions\/3643"}],"wp:featuredmedia":[{"embeddable":true,"href":"https:\/\/lavereda.com.mx\/index.php\/wp-json\/wp\/v2\/media\/3629"}],"wp:attachment":[{"href":"https:\/\/lavereda.com.mx\/index.php\/wp-json\/wp\/v2\/media?parent=3628"}],"wp:term":[{"taxonomy":"category","embeddable":true,"href":"https:\/\/lavereda.com.mx\/index.php\/wp-json\/wp\/v2\/categories?post=3628"},{"taxonomy":"post_tag","embeddable":true,"href":"https:\/\/lavereda.com.mx\/index.php\/wp-json\/wp\/v2\/tags?post=3628"}],"curies":[{"name":"wp","href":"https:\/\/api.w.org\/{rel}","templated":true}]}}