{"id":3625,"date":"2022-05-12T14:53:43","date_gmt":"2022-05-12T14:53:43","guid":{"rendered":"http:\/\/lavereda.com.mx\/?p=3625"},"modified":"2022-05-12T14:53:44","modified_gmt":"2022-05-12T14:53:44","slug":"coro-de-la-escuela-de-musica-silvestre-revueltas-presenta-concierto-para-mamas-laguneras","status":"publish","type":"post","link":"https:\/\/lavereda.com.mx\/index.php\/2022\/05\/12\/coro-de-la-escuela-de-musica-silvestre-revueltas-presenta-concierto-para-mamas-laguneras\/","title":{"rendered":"Coro de la Escuela de M\u00fasica Silvestre Revueltas presenta concierto para mam\u00e1s laguneras"},"content":{"rendered":"\n<p>Para seguir festejando a las madres, la Direcci\u00f3n de Arte y Cultura de G\u00f3mez Palacio y la Escuela Municipal de M\u00fasica Silvestre Revueltas (EMMSR) tienen preparado un concierto a cargo del coro de la escuela, que se efectuar\u00e1 este jueves 12 de mayo a partir de las 19:00 horas, en el Teatro Alberto M. Alvarado.<\/p>\n\n\n\n<p>El objetivo de esta actividad, es seguir celebrando el D\u00eda de las Madres en homenaje a todas las mam\u00e1s laguneras, por lo que se hace una atenta invitaci\u00f3n para que acudan a esta presentaci\u00f3n gratuita, con cupo limitado.<\/p>\n\n\n\n<p>El coro de la EMMSR, ofrecer\u00e1 un programa interesante y ameno, bajo la direcci\u00f3n de la maestra Arely Odette, y el acompa\u00f1amiento de Andrea Monsiv\u00e1is en el piano.<\/p>\n\n\n\n<p>La instituci\u00f3n inform\u00f3 que los integrantes del coro se han preparado intensamente para ofrecer la mejor presentaci\u00f3n a las madres gomezpalatinas y laguneras en general.<\/p>\n\n\n\n<p>Cabe se\u00f1alar que el coro de la EMMSR ha tenido intervenciones destacadas en escenarios de la regi\u00f3n, por lo que se invita cordialmente a la ciudadan\u00eda para que acuda a disfrutar de esta presentaci\u00f3n de acceso completamente libre.<\/p>\n\n\n\n<p><strong>Programa:<\/strong><\/p>\n\n\n\n<ul class=\"wp-block-list\"><li>Magnificat, Antonio Vivaldi.<\/li><li>En los surcos del amor, Gustavino. <\/li><li>Piel Canela, Bobby Cappo.<\/li><li>Eres t\u00fa, Mocedades.\u00a0<\/li><\/ul>\n","protected":false},"excerpt":{"rendered":"<p>Para seguir festejando a las madres, la Direcci\u00f3n de Arte y Cultura de G\u00f3mez Palacio y la Escuela Municipal de M\u00fasica Silvestre Revueltas (EMMSR) tienen preparado un concierto a cargo &hellip; <a href=\"https:\/\/lavereda.com.mx\/index.php\/2022\/05\/12\/coro-de-la-escuela-de-musica-silvestre-revueltas-presenta-concierto-para-mamas-laguneras\/\" class=\"more-link\">Leer m\u00e1s<\/a><\/p>\n","protected":false},"author":1,"featured_media":3626,"comment_status":"open","ping_status":"open","sticky":false,"template":"","format":"standard","meta":{"footnotes":""},"categories":[18,4],"tags":[],"class_list":["post-3625","post","type-post","status-publish","format-standard","has-post-thumbnail","hentry","category-lomasrelevante","category-musica","entry"],"_links":{"self":[{"href":"https:\/\/lavereda.com.mx\/index.php\/wp-json\/wp\/v2\/posts\/3625","targetHints":{"allow":["GET"]}}],"collection":[{"href":"https:\/\/lavereda.com.mx\/index.php\/wp-json\/wp\/v2\/posts"}],"about":[{"href":"https:\/\/lavereda.com.mx\/index.php\/wp-json\/wp\/v2\/types\/post"}],"author":[{"embeddable":true,"href":"https:\/\/lavereda.com.mx\/index.php\/wp-json\/wp\/v2\/users\/1"}],"replies":[{"embeddable":true,"href":"https:\/\/lavereda.com.mx\/index.php\/wp-json\/wp\/v2\/comments?post=3625"}],"version-history":[{"count":1,"href":"https:\/\/lavereda.com.mx\/index.php\/wp-json\/wp\/v2\/posts\/3625\/revisions"}],"predecessor-version":[{"id":3627,"href":"https:\/\/lavereda.com.mx\/index.php\/wp-json\/wp\/v2\/posts\/3625\/revisions\/3627"}],"wp:featuredmedia":[{"embeddable":true,"href":"https:\/\/lavereda.com.mx\/index.php\/wp-json\/wp\/v2\/media\/3626"}],"wp:attachment":[{"href":"https:\/\/lavereda.com.mx\/index.php\/wp-json\/wp\/v2\/media?parent=3625"}],"wp:term":[{"taxonomy":"category","embeddable":true,"href":"https:\/\/lavereda.com.mx\/index.php\/wp-json\/wp\/v2\/categories?post=3625"},{"taxonomy":"post_tag","embeddable":true,"href":"https:\/\/lavereda.com.mx\/index.php\/wp-json\/wp\/v2\/tags?post=3625"}],"curies":[{"name":"wp","href":"https:\/\/api.w.org\/{rel}","templated":true}]}}