{"id":3622,"date":"2022-05-12T00:40:21","date_gmt":"2022-05-12T00:40:21","guid":{"rendered":"http:\/\/lavereda.com.mx\/?p=3622"},"modified":"2022-05-12T00:40:22","modified_gmt":"2022-05-12T00:40:22","slug":"rendiran-homenaje-a-carlos-fuentes-en-canal-22","status":"publish","type":"post","link":"https:\/\/lavereda.com.mx\/index.php\/2022\/05\/12\/rendiran-homenaje-a-carlos-fuentes-en-canal-22\/","title":{"rendered":"Rendir\u00e1n homenaje a Carlos Fuentes en Canal 22"},"content":{"rendered":"\n<ul class=\"wp-block-list\"><li><strong>En conmemoraci\u00f3n de su 10\u00b0 Aniversario luctuoso, se realizar\u00e1 una transmisi\u00f3n especial de las pel\u00edculas\u00a0<em>Aquellos a\u00f1os<\/em>\u00a0y\u00a0<em>Los bienamados<\/em><\/strong><\/li><\/ul>\n\n\n\n<p>Ciudad de M\u00e9xico.- La\u00a0<strong>Secretar\u00eda de C<\/strong>ultura del Gobierno de M\u00e9xico, a trav\u00e9s del\u00a0<strong>Canal 22<\/strong>, presenta una programaci\u00f3n especial para rendir homenaje al prol\u00edfico y reconocido escritor mexicano<strong>\u00a0Carlos Fuentes<\/strong>. En el marco de su 10\u00b0 aniversario luctuoso (15 de mayo del 2012), se tendr\u00e1 una programaci\u00f3n especial con producciones propias, entrevistas y documentales que se dedicar\u00e1n a la figura del novelista.\u00a0\u00a0<\/p>\n\n\n\n<p>La programaci\u00f3n comienza el mi\u00e9rcoles 11 de mayo, a las 22:00 horas, con&nbsp;<strong>Tratos y retratos<\/strong>, una entrevista realizada en 1983 por la periodista&nbsp;<strong>Silvia Lemus<\/strong>&nbsp;al escritor mexicano. A lo largo de la conversaci\u00f3n, el literato habla sobre su ni\u00f1ez en Estados Unidos; destaca su inter\u00e9s precoz en la pol\u00edtica durante su estancia en Am\u00e9rica del Sur y remarca esta \u00e9poca como punto clave al tomar la decisi\u00f3n en dedicarse a la escritura&nbsp;(tambi\u00e9n a las 21:30 horas CT(horario central)&nbsp;y 19:30 horas PT&nbsp;(tiempo del Pac\u00edfico)&nbsp;a trav\u00e9s de Internacional).&nbsp;&nbsp;<\/p>\n\n\n\n<p>El jueves 12 de mayo, se transmite<strong>&nbsp;<em>Bajo la regi\u00f3n m\u00e1s transparente<\/em><\/strong>, a las 17:00 horas, documental realizado por Jorge Prior, que evoca de manera visual y sonora la visi\u00f3n que Carlos Fuentes plasm\u00f3 sobre el M\u00e9xico del siglo XX en su novela&nbsp;<em>La regi\u00f3n m\u00e1s transparente<\/em>, publicada en abril de 1958.&nbsp;<strong><em>Bajo la regi\u00f3n m\u00e1s transparente<\/em><\/strong>, que fue ganador de la Primera Convocatoria de Apoyo a Productores Independientes realizada por Canal 22 en 2007, tambi\u00e9n se ver\u00e1 por la se\u00f1al Internacional el viernes 13 a las 19:00 horas&nbsp;CT&nbsp;y 17:00 horas PT.&nbsp;<\/p>\n\n\n\n<p>A trav\u00e9s de Cinema 22 mexicano, la noche del jueves 12 se emite la cinta&nbsp;<strong><em>Aquellos a\u00f1os<\/em><\/strong>&nbsp;(M\u00e9xico, 1973), de Felipe Cazals y en la que Calos Fuentes particip\u00f3 como coguionista al lado de Cazals y Jos\u00e9 Iturriaga.<\/p>\n\n\n\n<p>El documental&nbsp;<strong><em>Aura, g\u00e9nesis de una \u00f3pera<\/em>,&nbsp;<\/strong>programado para el s\u00e1bado 14 de mayo, a las 17:00 horas, con realizaci\u00f3n de Walter de la Gala, re\u00fane el testimonio de Fuentes, as\u00ed como de los creadores que llevaron a escena, en abril de 1989 en el Palacio de Bellas Artes, a su c\u00e9lebre&nbsp;<em>Aura<\/em>. La producci\u00f3n tambi\u00e9n se podr\u00e1 ver el jueves 12, a las 10:30 horas CT y 8:30 horas PT, en la se\u00f1al Internacional.&nbsp;&nbsp;<\/p>\n\n\n\n<p>El programa<strong>&nbsp;Carlos Fuentes: identidad y genio&nbsp;<\/strong>se transmite el s\u00e1bado 14 de mayo, a las 17:30 horas; dirigido por Francisco Bola\u00f1os y narrado por el propio Fuentes, se aborda el&nbsp;<em>boom<\/em>&nbsp;de la novela latinoamericana, de los escritores de esta tendencia y de c\u00f3mo es que la literatura \u201cconstruye un mundo de posibilidades humanas\u201d.&nbsp;<\/p>\n\n\n\n<p>El domingo 15 de mayo se podr\u00e1n disfrutar cuatro programas dedicados al autor mexicano, comenzando por<strong>&nbsp;Carlos Fuentes. Premio Nacional de Ciencias y Artes<\/strong>, a las 16:30 horas; este cap\u00edtulo de la serie documental producida por Arturo Ripstein en la que se retrata a 42 de los creadores que obtuvieron el Premio Nacional de Ciencias y Artes instaurado en 1945, tambi\u00e9n estar\u00e1 disponible el jueves 12 en Canal 22 Internacional, a las 11:00 horas CT y 9:00 horas PT.&nbsp;&nbsp;<\/p>\n\n\n\n<p><strong><em>La regi\u00f3n m\u00e1s transparente<\/em><\/strong><em>.&nbsp;<strong>Memoria viva de ciertos d\u00edas<\/strong><\/em>&nbsp;contin\u00faa a las 17:00 horas (y a las 17:30 CT y 15:30 PT el domingo 15 a trav\u00e9s de Internacional), programa dirigido por&nbsp;Eduardo Pati\u00f1o D\u00edaz&nbsp;en el que el escritor Carlos Fuentes comparte el momento vital que marc\u00f3 la escritura de su novela&nbsp;<em>La regi\u00f3n m\u00e1s transparente<\/em>. En seguida se emite&nbsp;<strong>Carlos Fuentes: En esto tambi\u00e9n creo<\/strong>, producci\u00f3n dirigida y escrita por Jaime Kuri y por Claudio Isaac, inspirada en su libro&nbsp;<em>En esto creo<\/em>&nbsp;(tambi\u00e9n se ver\u00e1 en la se\u00f1al Internacional, a las 18:00 horas CT y 16:00 horas PT).&nbsp;<\/p>\n\n\n\n<p>A las 18:00 horas se presenta<strong>&nbsp;Carlos Fuentes: Instinto de escritor<\/strong>, programa bajo la direcci\u00f3n de Guadalupe Alonso<strong>&nbsp;<\/strong>en el que se entrevista a Fuentes acerca de su novela&nbsp;<em>Instinto de Inez<\/em>, y en el que participan el dramaturgo Ignacio Solares y los escritores Carmen Boullosa y Juan Villoro (producci\u00f3n disponible en la se\u00f1al Internacional, a las 18:30 horas CT y 16:30 horas PT). Al terminar, se transmite&nbsp;<strong><em>Carlos Fuentes, di\u00e1spora y literatura<\/em><\/strong><em>.<\/em><\/p>\n\n\n\n<p>Esta programaci\u00f3n especial en Homenaje a Carlos Fuentes culmina<strong>&nbsp;<\/strong>a las 22:00 horas en Cinema 22 de 5 estrellas con la transmisi\u00f3n de la cinta&nbsp;<strong><em>Los bienamados<\/em><\/strong>&nbsp;(M\u00e9xico, 1965), cinta de Juan Jos\u00e9 Gurrola dividida en dos historias, la segunda de ellas titulada&nbsp;<strong><em>Un alma pura<\/em><\/strong>, basada en la obra hom\u00f3nima de Fuentes y que el propio autor adapt\u00f3 para el filme.<\/p>\n","protected":false},"excerpt":{"rendered":"<p>En conmemoraci\u00f3n de su 10\u00b0 Aniversario luctuoso, se realizar\u00e1 una transmisi\u00f3n especial de las pel\u00edculas\u00a0Aquellos a\u00f1os\u00a0y\u00a0Los bienamados Ciudad de M\u00e9xico.- La\u00a0Secretar\u00eda de Cultura del Gobierno de M\u00e9xico, a trav\u00e9s del\u00a0Canal &hellip; <a href=\"https:\/\/lavereda.com.mx\/index.php\/2022\/05\/12\/rendiran-homenaje-a-carlos-fuentes-en-canal-22\/\" class=\"more-link\">Leer m\u00e1s<\/a><\/p>\n","protected":false},"author":1,"featured_media":3623,"comment_status":"open","ping_status":"open","sticky":false,"template":"","format":"standard","meta":{"footnotes":""},"categories":[5,18],"tags":[],"class_list":["post-3622","post","type-post","status-publish","format-standard","has-post-thumbnail","hentry","category-letras-y-libros","category-lomasrelevante","entry"],"_links":{"self":[{"href":"https:\/\/lavereda.com.mx\/index.php\/wp-json\/wp\/v2\/posts\/3622","targetHints":{"allow":["GET"]}}],"collection":[{"href":"https:\/\/lavereda.com.mx\/index.php\/wp-json\/wp\/v2\/posts"}],"about":[{"href":"https:\/\/lavereda.com.mx\/index.php\/wp-json\/wp\/v2\/types\/post"}],"author":[{"embeddable":true,"href":"https:\/\/lavereda.com.mx\/index.php\/wp-json\/wp\/v2\/users\/1"}],"replies":[{"embeddable":true,"href":"https:\/\/lavereda.com.mx\/index.php\/wp-json\/wp\/v2\/comments?post=3622"}],"version-history":[{"count":1,"href":"https:\/\/lavereda.com.mx\/index.php\/wp-json\/wp\/v2\/posts\/3622\/revisions"}],"predecessor-version":[{"id":3624,"href":"https:\/\/lavereda.com.mx\/index.php\/wp-json\/wp\/v2\/posts\/3622\/revisions\/3624"}],"wp:featuredmedia":[{"embeddable":true,"href":"https:\/\/lavereda.com.mx\/index.php\/wp-json\/wp\/v2\/media\/3623"}],"wp:attachment":[{"href":"https:\/\/lavereda.com.mx\/index.php\/wp-json\/wp\/v2\/media?parent=3622"}],"wp:term":[{"taxonomy":"category","embeddable":true,"href":"https:\/\/lavereda.com.mx\/index.php\/wp-json\/wp\/v2\/categories?post=3622"},{"taxonomy":"post_tag","embeddable":true,"href":"https:\/\/lavereda.com.mx\/index.php\/wp-json\/wp\/v2\/tags?post=3622"}],"curies":[{"name":"wp","href":"https:\/\/api.w.org\/{rel}","templated":true}]}}