{"id":3619,"date":"2022-05-10T16:53:54","date_gmt":"2022-05-10T16:53:54","guid":{"rendered":"http:\/\/lavereda.com.mx\/?p=3619"},"modified":"2022-05-13T14:40:18","modified_gmt":"2022-05-13T14:40:18","slug":"museo-arocena-tendra-algunos-eventos-esta-semana","status":"publish","type":"post","link":"https:\/\/lavereda.com.mx\/index.php\/2022\/05\/10\/museo-arocena-tendra-algunos-eventos-esta-semana\/","title":{"rendered":"Museo Arocena presenta actividades diversas esta semana"},"content":{"rendered":"\n<p>Como parte de sus actividades mensuales, esta mes de mayo presenta el museo arocena charla, conferencia y circulo de lectura, aqu\u00ed te dejamos los detalles.<\/p>\n\n\n\n<p>Charla presencial dirigida al p\u00fablico en general interesado en el dibujo y la pintura.<\/p>\n\n\n\n<p>Elementos del dibujo<br>Imparte: Flavio Becerra, artista y fot\u00f3grafo.<\/p>\n\n\n\n<p>Esta pl\u00e1tica es un acercamiento a los elementos formales del dibujo natural, de los problemas a que se enfrenta quien desea representar en dibujo lo que se percibe y de los recursos pr\u00e1cticos que el dibujante tiene a su alcance. Tambi\u00e9n se tratar\u00e1n distintos m\u00e9todos y herramientas de las que se valen los artistas para encontrar soluciones en su oficio, desde el proceso de visualizaci\u00f3n y la habilidad manual hasta las m\u00e1quinas de dibujar.<\/p>\n\n\n\n<p>Jueves 12 de mayo, a las 5:00 p.m. Auditorio.<br>Entrada libre<br>*uso obligatorio de cubrebocas<\/p>\n\n\n\n<p>Conferencia virtual<br>La imagen cr\u00edtica: hermen\u00e9utica y filosof\u00eda de la mirada para la educaci\u00f3n est\u00e9tica.<\/p>\n\n\n\n<p>Impartida por Yelenia Cuervo Moreno, Profesora e investigadora enfocada en la filosof\u00eda, el arte, el cine y la cultura.<\/p>\n\n\n\n<p>En una diversidad de esferas, la importancia del arte resulta innegable. En el plano de la vida sensible, intelectual y afectiva, el arte irrumpe: nos interpela y nos transforma; y es que tal y como lo ha se\u00f1alado el fil\u00f3sofo e historiador del arte Georges Didi-Huberman, saber mirar implica una afectaci\u00f3n ante la belleza de la imagen, pero tambi\u00e9n una mirada cr\u00edtica ante los signos que (en ocasiones) se esconden en la obra de arte. En este sentido, una \u201cdial\u00e9ctica de la mirada\u201d implica un movimiento pendular que nos enfrenta en tanto espectadores con aquello que vemos y con algo que a su vez nos mira y logra inquietarnos.<\/p>\n\n\n\n<p>La filosof\u00eda y la pedagog\u00eda han problematizado la importancia de educar los sentidos, comprender la historicidad de la mirada para profundizar en el acto interpretativo de la obra de arte, cabe entonces cuestionarse: \u00bfqu\u00e9 involucra una actitud cr\u00edtica ante las im\u00e1genes pict\u00f3ricas?, \u00bfc\u00f3mo nos aproximamos ante la imagen?, \u00bfc\u00f3mo mirarla?, \u00bfc\u00f3mo capturarla a trav\u00e9s del tiempo en el que estamos inmersos? En esta conferencia virtual Yelenia Cuervo se centrar\u00e1 en estos cuestionamientos para comprender una filosof\u00eda de la imagen cr\u00edtica, en donde como espectadores somos capaces de contemplar o ser afectados por las im\u00e1genes pict\u00f3ricas, pero sin duda tambi\u00e9n somos capaces de ejercer nuestro pensamiento para interpretar aquello que miramos.<\/p>\n\n\n\n<p>Viernes 13 de mayo, 5:00 p.m.<br>Transmisi\u00f3n en vivo a trav\u00e9s de Facebook Live<\/p>\n\n\n\n<p>C\u00edrculo de lectura<br>Manuel Acu\u00f1a no se suicid\u00f3, lo mataron.<\/p>\n\n\n\n<p>Durante mucho tiempo se ha contado que el poeta coahuilense Manuel Acu\u00f1a (1849-1873) se suicid\u00f3 con cianuro a sus 24 a\u00f1os, supuestamente por no ser correspondido de amor por Rosario de la Pe\u00f1a, a quien dedic\u00f3 su famoso poema Nocturno a Rosario. Pero la verdad podr\u00eda ser otra, o al menos as\u00ed lo plantea el libro Cinco balas para Manuel Acu\u00f1a de C\u00e9sar G\u00fcemes, eje central de este c\u00edrculo de lectura en donde recorreremos la vida y obra de este referente de la poes\u00eda rom\u00e1ntica del norte mexicano. Actividad realizada en colaboraci\u00f3n con la Secretar\u00eda de Cultura del Estado de Coahuila.<\/p>\n\n\n\n<p>Martes 17, 24 y 31 de mayo; 7 y 14 de junio.<br>Actividad sin costo, Biblioteca Arocena<\/p>\n","protected":false},"excerpt":{"rendered":"<p>Como parte de sus actividades mensuales, esta mes de mayo presenta el museo arocena charla, conferencia y circulo de lectura, aqu\u00ed te dejamos los detalles. Charla presencial dirigida al p\u00fablico &hellip; <a href=\"https:\/\/lavereda.com.mx\/index.php\/2022\/05\/10\/museo-arocena-tendra-algunos-eventos-esta-semana\/\" class=\"more-link\">Leer m\u00e1s<\/a><\/p>\n","protected":false},"author":1,"featured_media":3620,"comment_status":"open","ping_status":"open","sticky":false,"template":"","format":"standard","meta":{"footnotes":""},"categories":[3,7,18],"tags":[],"class_list":["post-3619","post","type-post","status-publish","format-standard","has-post-thumbnail","hentry","category-artes-visuales","category-entretenimiento","category-lomasrelevante","entry"],"_links":{"self":[{"href":"https:\/\/lavereda.com.mx\/index.php\/wp-json\/wp\/v2\/posts\/3619","targetHints":{"allow":["GET"]}}],"collection":[{"href":"https:\/\/lavereda.com.mx\/index.php\/wp-json\/wp\/v2\/posts"}],"about":[{"href":"https:\/\/lavereda.com.mx\/index.php\/wp-json\/wp\/v2\/types\/post"}],"author":[{"embeddable":true,"href":"https:\/\/lavereda.com.mx\/index.php\/wp-json\/wp\/v2\/users\/1"}],"replies":[{"embeddable":true,"href":"https:\/\/lavereda.com.mx\/index.php\/wp-json\/wp\/v2\/comments?post=3619"}],"version-history":[{"count":2,"href":"https:\/\/lavereda.com.mx\/index.php\/wp-json\/wp\/v2\/posts\/3619\/revisions"}],"predecessor-version":[{"id":3635,"href":"https:\/\/lavereda.com.mx\/index.php\/wp-json\/wp\/v2\/posts\/3619\/revisions\/3635"}],"wp:featuredmedia":[{"embeddable":true,"href":"https:\/\/lavereda.com.mx\/index.php\/wp-json\/wp\/v2\/media\/3620"}],"wp:attachment":[{"href":"https:\/\/lavereda.com.mx\/index.php\/wp-json\/wp\/v2\/media?parent=3619"}],"wp:term":[{"taxonomy":"category","embeddable":true,"href":"https:\/\/lavereda.com.mx\/index.php\/wp-json\/wp\/v2\/categories?post=3619"},{"taxonomy":"post_tag","embeddable":true,"href":"https:\/\/lavereda.com.mx\/index.php\/wp-json\/wp\/v2\/tags?post=3619"}],"curies":[{"name":"wp","href":"https:\/\/api.w.org\/{rel}","templated":true}]}}