{"id":360,"date":"2020-08-15T23:23:56","date_gmt":"2020-08-15T23:23:56","guid":{"rendered":"https:\/\/web.lavereda.com.mx\/?p=360"},"modified":"2020-08-15T23:23:56","modified_gmt":"2020-08-15T23:23:56","slug":"conoce-la-mejor-parte-de-la-coleccion-de-libros-de-dav-pilkey","status":"publish","type":"post","link":"https:\/\/lavereda.com.mx\/index.php\/2020\/08\/15\/conoce-la-mejor-parte-de-la-coleccion-de-libros-de-dav-pilkey\/","title":{"rendered":"Conoce la mejor parte de la colecci\u00f3n de libros de Dav Pilkey"},"content":{"rendered":"\n<p><em><strong>Por Ra\u00fal P\u00e9rez*<\/strong><\/em><\/p>\n\n\n\n<p>La recopilaci\u00f3n de los libros de Hombre Perro y el Capit\u00e1n Calzoncillos est\u00e1 hecha por el autor estadounidense Dav Pilkey, quien llam\u00f3 su primer libro oficial \u201cWorld War Won\u201d.<\/p>\n\n\n\n<hr class=\"wp-block-separator\" id=\"system-readmore\"\/>\n\n\n\n<p>El autor de Hombre Perro y el Capit\u00e1n Calzoncillos naci\u00f3 en 1966, de peque\u00f1o le gustaba mucho hacer comics, cuando asist\u00eda a primaria fue diagnosticado con trastorno por d\u00e9ficit de atenci\u00f3n con hiperactividad y dislexia. Era frecuentemente rega\u00f1ado por su comportamiento en clase y ah\u00ed fue donde creo la gran novela gr\u00e1fica del Capit\u00e1n Calzoncillos, que es popular por su humor sumamente gracioso para ni\u00f1os que por ser tan popular Netflix acord\u00f3 hacer una caricatura.&nbsp;&nbsp;<\/p>\n\n\n\n<p>Todo comenz\u00f3 cuando asisti\u00f3 a la universidad estatal Kent y particip\u00f3 en una competencia nacional para autores estudiantes y ah\u00ed public\u00f3 su primer libro \u00abWorld War Won\u00bb.<\/p>\n\n\n\n<p>Pilkey gan\u00f3 en su categor\u00eda y como premio sus primeros libros fueron publicados en 1987. En 2010 acord\u00f3 publicar dos nuevos libros con la empresa editora de libros Scholastic, fueron \u201cOok y Gluk los cavern\u00edcolas del kung fu\u201d y \u201cS\u00faper bebe pa\u00f1al 2, la invasi\u00f3n de los ladrones de inodoros\u201d.<\/p>\n\n\n\n<p>Por los nombres de los libros, como podr\u00e1s ver esa parte de la colecci\u00f3n es muy divertida. Puedes encontrar estos libros en Ghandi, Gonvill y Amazon.<\/p>\n\n\n\n<p><em>*Ra\u00fal es estudiante de primaria con 9 a\u00f1os.<\/em><\/p>\n","protected":false},"excerpt":{"rendered":"<p>La recopilaci\u00f3n de los libros de Hombre Perro y el Capit\u00e1n Calzoncillos est\u00e1 hecha por el autor estadounidense Dav Pilkey, quien llam\u00f3 su primer libro oficial \u201cWorld War Won\u201d.<\/p>\n","protected":false},"author":1,"featured_media":361,"comment_status":"open","ping_status":"open","sticky":false,"template":"","format":"standard","meta":{"footnotes":""},"categories":[10],"tags":[],"class_list":["post-360","post","type-post","status-publish","format-standard","has-post-thumbnail","hentry","category-la-vereda-infantil","entry"],"_links":{"self":[{"href":"https:\/\/lavereda.com.mx\/index.php\/wp-json\/wp\/v2\/posts\/360","targetHints":{"allow":["GET"]}}],"collection":[{"href":"https:\/\/lavereda.com.mx\/index.php\/wp-json\/wp\/v2\/posts"}],"about":[{"href":"https:\/\/lavereda.com.mx\/index.php\/wp-json\/wp\/v2\/types\/post"}],"author":[{"embeddable":true,"href":"https:\/\/lavereda.com.mx\/index.php\/wp-json\/wp\/v2\/users\/1"}],"replies":[{"embeddable":true,"href":"https:\/\/lavereda.com.mx\/index.php\/wp-json\/wp\/v2\/comments?post=360"}],"version-history":[{"count":1,"href":"https:\/\/lavereda.com.mx\/index.php\/wp-json\/wp\/v2\/posts\/360\/revisions"}],"predecessor-version":[{"id":362,"href":"https:\/\/lavereda.com.mx\/index.php\/wp-json\/wp\/v2\/posts\/360\/revisions\/362"}],"wp:featuredmedia":[{"embeddable":true,"href":"https:\/\/lavereda.com.mx\/index.php\/wp-json\/wp\/v2\/media\/361"}],"wp:attachment":[{"href":"https:\/\/lavereda.com.mx\/index.php\/wp-json\/wp\/v2\/media?parent=360"}],"wp:term":[{"taxonomy":"category","embeddable":true,"href":"https:\/\/lavereda.com.mx\/index.php\/wp-json\/wp\/v2\/categories?post=360"},{"taxonomy":"post_tag","embeddable":true,"href":"https:\/\/lavereda.com.mx\/index.php\/wp-json\/wp\/v2\/tags?post=360"}],"curies":[{"name":"wp","href":"https:\/\/api.w.org\/{rel}","templated":true}]}}