{"id":3578,"date":"2022-05-03T04:45:01","date_gmt":"2022-05-03T04:45:01","guid":{"rendered":"http:\/\/lavereda.com.mx\/?p=3578"},"modified":"2022-05-03T22:56:16","modified_gmt":"2022-05-03T22:56:16","slug":"la-obra-arrojados-al-mundo-sin-cobertor-de-lana","status":"publish","type":"post","link":"https:\/\/lavereda.com.mx\/index.php\/2022\/05\/03\/la-obra-arrojados-al-mundo-sin-cobertor-de-lana\/","title":{"rendered":"La obra Arrojados al Mundo sin cobertor de lana llega al Teatro Garibay"},"content":{"rendered":"\n<p>La Obra Arrojados al Mundo sin cobertor de lana actuada por Salvador Olvera y Laura Urbina, se presenta en Torre\u00f3n en el Teatro Alfonso Garibay hoy martes 3 de mayo a las 8:00 pm, la entrada es totalmente libre y ser\u00e1 con cupo limitado, j\u00f3venes y adultos a partir de los 18 a\u00f1os, o adolescentes acompa\u00f1ados de un adulto.<\/p>\n\n\n\n<p>Arrojados al mundo sin cobertor de lana es una propuesta que surge a partir del proyecto \u201cDel silencio y olvido al encuentro con la memoria colectiva\u201d el cual es beneficiado por el Programa de Est\u00edmulo a la Creaci\u00f3n y Desarrollo Art\u00edstico (PECDA) Durango 2021, y ofrece la creaci\u00f3n de un montaje a partir de dicha obra, el cual involucra el lenguaje de la danza y el teatro.<\/p>\n\n\n\n<p>Dos desconocidos se encuentran casualmente en una banca y comienzan a conversar sobre sus emociones m\u00e1s profundas, fingiendo no querer hacerlo y disfraz\u00e1ndolo de cuidar las formas; evitan relacionarse pues los desconocidos no deben profundizar en una conversaci\u00f3n sino frivolizar los temas, y si es preciso s\u00f3lo hablar del clima. Transcurre la conversaci\u00f3n y no logran esquivarse si no todo lo contrario y se adentran en su intimidad, parecieran conocerse m\u00e1s por qu\u00e9 se sienten invadidos por el clima circunstancial y la hist\u00e9rica colectiva&#8230;&nbsp;<\/p>\n\n\n\n<p>Seamos testigos de c\u00f3mo estos personajes El y Ella desde su soledad nos abren de una manera transparente su forma de ser, estar, pensar y sobrevivir.<\/p>\n\n\n\n<p>Arrojados al Mundo sin cobertor de lana del dramaturgo Mario Cant\u00fa Toscano es dirigida por Salvador Olvera si como tambi\u00e9n la coreograf\u00eda. El reparto lo integran El-Salvador Olvera; Ella-Laura Urbina, la producci\u00f3n est\u00e1 a cargo de Tania S\u00e1nchez Viesca. Dise\u00f1o de Iluminaci\u00f3n: Oscar Caldera (Zorro), Fotograf\u00eda: Tania S\u00e1nchezviesca<\/p>\n","protected":false},"excerpt":{"rendered":"<p>La Obra Arrojados al Mundo sin cobertor de lana actuada por Salvador Olvera y Laura Urbina, se presenta en Torre\u00f3n en el Teatro Alfonso Garibay hoy martes 3 de mayo &hellip; <a href=\"https:\/\/lavereda.com.mx\/index.php\/2022\/05\/03\/la-obra-arrojados-al-mundo-sin-cobertor-de-lana\/\" class=\"more-link\">Leer m\u00e1s<\/a><\/p>\n","protected":false},"author":1,"featured_media":3579,"comment_status":"open","ping_status":"open","sticky":false,"template":"","format":"standard","meta":{"footnotes":""},"categories":[2,18],"tags":[],"class_list":["post-3578","post","type-post","status-publish","format-standard","has-post-thumbnail","hentry","category-artes-escenicas","category-lomasrelevante","entry"],"_links":{"self":[{"href":"https:\/\/lavereda.com.mx\/index.php\/wp-json\/wp\/v2\/posts\/3578","targetHints":{"allow":["GET"]}}],"collection":[{"href":"https:\/\/lavereda.com.mx\/index.php\/wp-json\/wp\/v2\/posts"}],"about":[{"href":"https:\/\/lavereda.com.mx\/index.php\/wp-json\/wp\/v2\/types\/post"}],"author":[{"embeddable":true,"href":"https:\/\/lavereda.com.mx\/index.php\/wp-json\/wp\/v2\/users\/1"}],"replies":[{"embeddable":true,"href":"https:\/\/lavereda.com.mx\/index.php\/wp-json\/wp\/v2\/comments?post=3578"}],"version-history":[{"count":2,"href":"https:\/\/lavereda.com.mx\/index.php\/wp-json\/wp\/v2\/posts\/3578\/revisions"}],"predecessor-version":[{"id":3593,"href":"https:\/\/lavereda.com.mx\/index.php\/wp-json\/wp\/v2\/posts\/3578\/revisions\/3593"}],"wp:featuredmedia":[{"embeddable":true,"href":"https:\/\/lavereda.com.mx\/index.php\/wp-json\/wp\/v2\/media\/3579"}],"wp:attachment":[{"href":"https:\/\/lavereda.com.mx\/index.php\/wp-json\/wp\/v2\/media?parent=3578"}],"wp:term":[{"taxonomy":"category","embeddable":true,"href":"https:\/\/lavereda.com.mx\/index.php\/wp-json\/wp\/v2\/categories?post=3578"},{"taxonomy":"post_tag","embeddable":true,"href":"https:\/\/lavereda.com.mx\/index.php\/wp-json\/wp\/v2\/tags?post=3578"}],"curies":[{"name":"wp","href":"https:\/\/api.w.org\/{rel}","templated":true}]}}