{"id":3564,"date":"2022-04-29T19:50:01","date_gmt":"2022-04-29T19:50:01","guid":{"rendered":"http:\/\/lavereda.com.mx\/?p=3564"},"modified":"2022-04-29T19:50:03","modified_gmt":"2022-04-29T19:50:03","slug":"el-museo-arocena-celebra-el-dia-de-las-ninas-y-los-ninos","status":"publish","type":"post","link":"https:\/\/lavereda.com.mx\/index.php\/2022\/04\/29\/el-museo-arocena-celebra-el-dia-de-las-ninas-y-los-ninos\/","title":{"rendered":"El Museo Arocena celebra el d\u00eda de las ni\u00f1as y los ni\u00f1os"},"content":{"rendered":"\n<p>Este fin de semana el Museo Arocena ofrecer\u00e1 actividades especiales para p\u00fablico infantil. El domingo 1 de mayo se presentar\u00e1 el mimo y cuentacuentos Er\u00f3n Vargas, con \u00bb Los 3 consejos, los 3 pr\u00edncipes\u00bb, a las 12:00 del d\u00eda sin costo alguno.<\/p>\n\n\n\n<p>La narraci\u00f3n que presentar\u00e1 es un cuento tepehuano del sur de Durango que narra la historia de un hombre que nadaba a las orillas de un r\u00edo, de repente se lo llev\u00f3 la corriente. Su familia lo busca y lo busca, pero nunca lo encuentran, sin embargo, aquel hombre que se lo llev\u00f3 la corriente logra sobrevivir pero no recuerda su vida pasada.<\/p>\n\n\n\n<p>Asimismo el Museo invita a los ni\u00f1os a disfrutar de la exposici\u00f3n de Lucha Libre \u00abKatharsis\u00bb, a trav\u00e9s de un recorrido, que cierra con broche de oro participando en alguna de estas tres actividades:\u00a0<\/p>\n\n\n\n<p>Rompecabezas luch\u00edstico, M\u00e1scara de lucha libre y Lucha libre de pulgares.<\/p>\n\n\n\n<p>Los recorridos son los s\u00e1bados y domingos a las 11:00 a.m., 12:30 p.m., 3:00 p.m., 4:30 p.m. Con un costo de $100.00 pesos por grupo de m\u00e1ximo 10 personas.<\/p>\n\n\n\n<p>Para toda la familia, se invita a disfrutar de un recorrido documental y art\u00edstico por el mundo de la lucha libre con im\u00e1genes de las Colecciones de Fundaci\u00f3n Televisa.<\/p>\n","protected":false},"excerpt":{"rendered":"<p>Este fin de semana el Museo Arocena ofrecer\u00e1 actividades especiales para p\u00fablico infantil. El domingo 1 de mayo se presentar\u00e1 el mimo y cuentacuentos Er\u00f3n Vargas, con \u00bb Los 3 &hellip; <a href=\"https:\/\/lavereda.com.mx\/index.php\/2022\/04\/29\/el-museo-arocena-celebra-el-dia-de-las-ninas-y-los-ninos\/\" class=\"more-link\">Leer m\u00e1s<\/a><\/p>\n","protected":false},"author":1,"featured_media":3566,"comment_status":"open","ping_status":"open","sticky":false,"template":"","format":"standard","meta":{"footnotes":""},"categories":[3,18],"tags":[],"class_list":["post-3564","post","type-post","status-publish","format-standard","has-post-thumbnail","hentry","category-artes-visuales","category-lomasrelevante","entry"],"_links":{"self":[{"href":"https:\/\/lavereda.com.mx\/index.php\/wp-json\/wp\/v2\/posts\/3564","targetHints":{"allow":["GET"]}}],"collection":[{"href":"https:\/\/lavereda.com.mx\/index.php\/wp-json\/wp\/v2\/posts"}],"about":[{"href":"https:\/\/lavereda.com.mx\/index.php\/wp-json\/wp\/v2\/types\/post"}],"author":[{"embeddable":true,"href":"https:\/\/lavereda.com.mx\/index.php\/wp-json\/wp\/v2\/users\/1"}],"replies":[{"embeddable":true,"href":"https:\/\/lavereda.com.mx\/index.php\/wp-json\/wp\/v2\/comments?post=3564"}],"version-history":[{"count":2,"href":"https:\/\/lavereda.com.mx\/index.php\/wp-json\/wp\/v2\/posts\/3564\/revisions"}],"predecessor-version":[{"id":3567,"href":"https:\/\/lavereda.com.mx\/index.php\/wp-json\/wp\/v2\/posts\/3564\/revisions\/3567"}],"wp:featuredmedia":[{"embeddable":true,"href":"https:\/\/lavereda.com.mx\/index.php\/wp-json\/wp\/v2\/media\/3566"}],"wp:attachment":[{"href":"https:\/\/lavereda.com.mx\/index.php\/wp-json\/wp\/v2\/media?parent=3564"}],"wp:term":[{"taxonomy":"category","embeddable":true,"href":"https:\/\/lavereda.com.mx\/index.php\/wp-json\/wp\/v2\/categories?post=3564"},{"taxonomy":"post_tag","embeddable":true,"href":"https:\/\/lavereda.com.mx\/index.php\/wp-json\/wp\/v2\/tags?post=3564"}],"curies":[{"name":"wp","href":"https:\/\/api.w.org\/{rel}","templated":true}]}}