{"id":356,"date":"2020-08-15T23:21:56","date_gmt":"2020-08-15T23:21:56","guid":{"rendered":"https:\/\/web.lavereda.com.mx\/?p=356"},"modified":"2020-08-15T23:21:56","modified_gmt":"2020-08-15T23:21:56","slug":"bienvenidos-al-mundo-de-lego-mario","status":"publish","type":"post","link":"https:\/\/lavereda.com.mx\/index.php\/2020\/08\/15\/bienvenidos-al-mundo-de-lego-mario\/","title":{"rendered":"\u00a1Bienvenidos al mundo de lego Mario!"},"content":{"rendered":"\n<p>Como algunos saben hay un proyecto que Lego estaba planeando y era el Lego de Mario, estaba dirigido por Lego y Nintendo y quien tuvo la gran idea fue Jonathan Bennik director de dise\u00f1o de Lego, hasta que por fin lo anunciaron para este 2020. Este a\u00f1o saldr\u00e1 oficialmente en M\u00e9xico, el set inicial de Lego Mario.<\/p>\n\n\n\n<hr class=\"wp-block-separator\" id=\"system-readmore\"\/>\n\n\n\n<p>El dise\u00f1ador pens\u00f3 que este iba a ser un gran set, hicieron algo que lo cambiar\u00eda y lo har\u00eda especial, este Lego seria interactivo, por as\u00ed decirlo necesitar\u00eda bater\u00edas para funcionar.<\/p>\n\n\n\n<p>Este Lego podr\u00e1 interactuar como si jugaras al videojuego, esta es una idea diferente a todos los Legos y lo mejor es que vas a poder expandir tu set. Este Lego va a tener un set inicial para empezar a jugar y si no lo tienes no vas a poder jugar con los sets de expansi\u00f3n.<\/p>\n\n\n\n<p>Y se preguntaran \u00bfPor qu\u00e9 este pack es diferente a los otros? Pues es porque es el \u00fanico que tiene a Mario, la tuber\u00eda (con la que empiezas el nivel) y la bandera (con la que acabas el nivel).<\/p>\n\n\n\n<p>Los sets de expansi\u00f3n sirven para tener mas opciones para jugar ya que puedes crear niveles uniendo tus sets, ademas tambi\u00e9n hay sets con trajes especiales que puedes usar para que Mario tenga habilidades como en sus videojuegos.<\/p>\n\n\n\n<p><em>*Ra\u00fal es estudiante de primaria de 9 a\u00f1os.<\/em><\/p>\n\n\n\n<p><strong>Aqu\u00ed est\u00e1 el enlace del tr\u00e1iler oficial\u00a0<\/strong><\/p>\n\n\n\n<figure class=\"wp-block-embed-youtube wp-block-embed is-type-rich is-provider-gestor-del-servicio wp-embed-aspect-16-9 wp-has-aspect-ratio\"><div class=\"wp-block-embed__wrapper\">\n<iframe title=\"NEW LEGO Super Mario Power-Up Packs!\" width=\"1170\" height=\"658\" src=\"https:\/\/www.youtube.com\/embed\/poS9QqFSTuo?feature=oembed\" frameborder=\"0\" allow=\"accelerometer; autoplay; encrypted-media; gyroscope; picture-in-picture\" allowfullscreen><\/iframe>\n<\/div><\/figure>\n\n\n\n<p><\/p>\n","protected":false},"excerpt":{"rendered":"<p>Como algunos saben hay un proyecto que Lego estaba planeando y era el Lego de Mario, estaba dirigido por Lego y Nintendo y quien tuvo la gran idea fue Jonathan Bennik director de dise\u00f1o de Lego, hasta que por fin lo anunciaron para este 2020. Este a\u00f1o saldr\u00e1 oficialmente en M\u00e9xico, el set inicial de Lego Mario.<\/p>\n","protected":false},"author":7,"featured_media":358,"comment_status":"open","ping_status":"open","sticky":false,"template":"","format":"standard","meta":{"footnotes":""},"categories":[10],"tags":[],"class_list":["post-356","post","type-post","status-publish","format-standard","has-post-thumbnail","hentry","category-la-vereda-infantil","entry"],"_links":{"self":[{"href":"https:\/\/lavereda.com.mx\/index.php\/wp-json\/wp\/v2\/posts\/356","targetHints":{"allow":["GET"]}}],"collection":[{"href":"https:\/\/lavereda.com.mx\/index.php\/wp-json\/wp\/v2\/posts"}],"about":[{"href":"https:\/\/lavereda.com.mx\/index.php\/wp-json\/wp\/v2\/types\/post"}],"author":[{"embeddable":true,"href":"https:\/\/lavereda.com.mx\/index.php\/wp-json\/wp\/v2\/users\/7"}],"replies":[{"embeddable":true,"href":"https:\/\/lavereda.com.mx\/index.php\/wp-json\/wp\/v2\/comments?post=356"}],"version-history":[{"count":1,"href":"https:\/\/lavereda.com.mx\/index.php\/wp-json\/wp\/v2\/posts\/356\/revisions"}],"predecessor-version":[{"id":359,"href":"https:\/\/lavereda.com.mx\/index.php\/wp-json\/wp\/v2\/posts\/356\/revisions\/359"}],"wp:featuredmedia":[{"embeddable":true,"href":"https:\/\/lavereda.com.mx\/index.php\/wp-json\/wp\/v2\/media\/358"}],"wp:attachment":[{"href":"https:\/\/lavereda.com.mx\/index.php\/wp-json\/wp\/v2\/media?parent=356"}],"wp:term":[{"taxonomy":"category","embeddable":true,"href":"https:\/\/lavereda.com.mx\/index.php\/wp-json\/wp\/v2\/categories?post=356"},{"taxonomy":"post_tag","embeddable":true,"href":"https:\/\/lavereda.com.mx\/index.php\/wp-json\/wp\/v2\/tags?post=356"}],"curies":[{"name":"wp","href":"https:\/\/api.w.org\/{rel}","templated":true}]}}