{"id":3544,"date":"2022-04-26T01:59:09","date_gmt":"2022-04-26T01:59:09","guid":{"rendered":"http:\/\/lavereda.com.mx\/?p=3544"},"modified":"2022-04-26T01:59:10","modified_gmt":"2022-04-26T01:59:10","slug":"el-pianista-lagunero-fernando-manuel-presentara-de-vuelta-a-casa","status":"publish","type":"post","link":"https:\/\/lavereda.com.mx\/index.php\/2022\/04\/26\/el-pianista-lagunero-fernando-manuel-presentara-de-vuelta-a-casa\/","title":{"rendered":"El pianista lagunero Fernando Manuel presentar\u00e1 \u00abDe vuelta a casa\u00bb"},"content":{"rendered":"\n<ul class=\"wp-block-list\"><li>El programa que ofrecer\u00e1 el 5 de de mayo se integra de m\u00fasica completamente original<\/li><\/ul>\n\n\n\n<p>Despu\u00e9s de poco m\u00e1s de 14 a\u00f1os desde que el pianista y compositor lagunero Fernando Manuel dej\u00f3 la ciudad para emprender su camino a la m\u00fasica, regresa ahora para presentarse por primera vez en el recinto cultural m\u00e1s importante de Torre\u00f3n, El Teatro Isauro Mart\u00ednez, acompa\u00f1ado de un Quinteto de Cuerdas con m\u00fasicos de la Camerata de Coahuila, entre otros invitados.&nbsp;<\/p>\n\n\n\n<p>La cita es este jueves 5 de mayo a las 20:30 horas y un&nbsp;porcentaje de cada boleto ser\u00e1 destinado para llevar educaci\u00f3n musical a los ni\u00f1os del&nbsp; HECAT, de la mano de los&nbsp;libros \u201cMis Primeras Notas\u201d creados por el propio compositor.<\/p>\n\n\n\n<p>Fernando ha sido considerado como el \u201cClassical Pop del Piano\u201d, en entrevista para La Vereda, coment\u00f3 que esta distinci\u00f3n se debe a que el elemento principal de su m\u00fasica es el piano, pero est\u00e1 acompa\u00f1ado con instrumentos sinf\u00f3nicos cl\u00e1sicos como las cuerdas, percusiones y metales, junto a otros m\u00e1s bien modernos y digitales e incluso vocales.&nbsp;<\/p>\n\n\n\n<p>\u201cPor otro lado, se considera pop por su estructura, ya que son canciones cortas, y que cuentan con versos, coros, puentes y solos instrumentales como cualquier canci\u00f3n que uno escuchar\u00eda en la radio popular\u201d.&nbsp;<\/p>\n\n\n\n<p>Acerca del repertorio que presentar\u00e1 el 5 de mayo, comparti\u00f3 que&nbsp;&nbsp;toda la m\u00fasica que tocar\u00e1 en el Teatro Isauro Mart\u00ednez ser\u00e1 completamente original, incluyendo temas como Vals de las Dalias, Gotas de Junio, Or\u00edgenes, entre otras. \u201cLo har\u00e9 acompa\u00f1ado de un Quinteto de Cuerdas con m\u00fasicos de la Camerata de Coahuila y tendr\u00e9 la participaci\u00f3n especial de dos cantantes conocidos de la regi\u00f3n, los cuales ser\u00e1n sorpresa como parte del show\u201d.&nbsp;&nbsp;<\/p>\n\n\n\n<p>A la pregunta \u00bfqu\u00e9 representa para ti estar de Vuelta a Casa?, respondi\u00f3:<\/p>\n\n\n\n<blockquote class=\"wp-block-quote is-layout-flow wp-block-quote-is-layout-flow\"><p>\u201cHace 14 a\u00f1os decid\u00ed dejar mi querida ciudad de Torre\u00f3n, en donde nac\u00ed y crec\u00ed y disfrut\u00e9 de una gran vida. Lo hice con el anhelo de prosperar en la m\u00fasica y de encontrar un sentido y un prop\u00f3sito para mi. Este concierto cierra un ciclo y abre uno nuevo. Y lo har\u00e9 desde casa, junto a mi gente, y entreg\u00e1ndolo todo para darle a la ciudad un concierto a la altura de su gente\u201d.<\/p><\/blockquote>\n\n\n\n<p>Fernando Manuel es\u00a0originario de Torre\u00f3n Coahuila y residente en Jalisco desde ela\u00f1o 2008, ha llevado su m\u00fasica a recintos de la talla del Lunario del Auditorio Nacional en la ciudad de M\u00e9xico, el Conjunto Santander de Artes Esc\u00e9nicas en Guadalajara, o el Festival Internacional de Santa Luc\u00eda en Nuevo Le\u00f3n, entre otros.<\/p>\n","protected":false},"excerpt":{"rendered":"<p>El programa que ofrecer\u00e1 el 5 de de mayo se integra de m\u00fasica completamente original Despu\u00e9s de poco m\u00e1s de 14 a\u00f1os desde que el pianista y compositor lagunero Fernando &hellip; <a href=\"https:\/\/lavereda.com.mx\/index.php\/2022\/04\/26\/el-pianista-lagunero-fernando-manuel-presentara-de-vuelta-a-casa\/\" class=\"more-link\">Leer m\u00e1s<\/a><\/p>\n","protected":false},"author":9,"featured_media":3545,"comment_status":"open","ping_status":"open","sticky":false,"template":"","format":"standard","meta":{"footnotes":""},"categories":[18,4],"tags":[],"class_list":["post-3544","post","type-post","status-publish","format-standard","has-post-thumbnail","hentry","category-lomasrelevante","category-musica","entry"],"_links":{"self":[{"href":"https:\/\/lavereda.com.mx\/index.php\/wp-json\/wp\/v2\/posts\/3544","targetHints":{"allow":["GET"]}}],"collection":[{"href":"https:\/\/lavereda.com.mx\/index.php\/wp-json\/wp\/v2\/posts"}],"about":[{"href":"https:\/\/lavereda.com.mx\/index.php\/wp-json\/wp\/v2\/types\/post"}],"author":[{"embeddable":true,"href":"https:\/\/lavereda.com.mx\/index.php\/wp-json\/wp\/v2\/users\/9"}],"replies":[{"embeddable":true,"href":"https:\/\/lavereda.com.mx\/index.php\/wp-json\/wp\/v2\/comments?post=3544"}],"version-history":[{"count":2,"href":"https:\/\/lavereda.com.mx\/index.php\/wp-json\/wp\/v2\/posts\/3544\/revisions"}],"predecessor-version":[{"id":3572,"href":"https:\/\/lavereda.com.mx\/index.php\/wp-json\/wp\/v2\/posts\/3544\/revisions\/3572"}],"wp:featuredmedia":[{"embeddable":true,"href":"https:\/\/lavereda.com.mx\/index.php\/wp-json\/wp\/v2\/media\/3545"}],"wp:attachment":[{"href":"https:\/\/lavereda.com.mx\/index.php\/wp-json\/wp\/v2\/media?parent=3544"}],"wp:term":[{"taxonomy":"category","embeddable":true,"href":"https:\/\/lavereda.com.mx\/index.php\/wp-json\/wp\/v2\/categories?post=3544"},{"taxonomy":"post_tag","embeddable":true,"href":"https:\/\/lavereda.com.mx\/index.php\/wp-json\/wp\/v2\/tags?post=3544"}],"curies":[{"name":"wp","href":"https:\/\/api.w.org\/{rel}","templated":true}]}}