{"id":3535,"date":"2022-04-24T00:29:41","date_gmt":"2022-04-24T00:29:41","guid":{"rendered":"http:\/\/lavereda.com.mx\/?p=3535"},"modified":"2022-04-24T00:29:42","modified_gmt":"2022-04-24T00:29:42","slug":"feria-del-libro-usado-y-lecturas-en-voz-alta-para-celebrar-el-dia-del-libro","status":"publish","type":"post","link":"https:\/\/lavereda.com.mx\/index.php\/2022\/04\/24\/feria-del-libro-usado-y-lecturas-en-voz-alta-para-celebrar-el-dia-del-libro\/","title":{"rendered":"Feria del libro usado y lecturas en voz alta, para celebrar el D\u00eda del libro"},"content":{"rendered":"\n<p>El 23 de abril es un d\u00eda simb\u00f3lico para la literatura mundial, ya que ese d\u00eda, en 1616 fallecieron Cervantes, Garcilaso de la Vega y Shakespeare (Cervantes en realidad muri\u00f3 el 22, pero fue enterrado el 23, y en cuanto a Shakespeare, ese 23 de abril corresponde al calendario juliano, vigente a\u00fan en la Inglaterra isabelina).\u00a0<\/p>\n\n\n\n<p>El domingo 24 de abril dar\u00e1 inicio en el Paseo Col\u00f3n la Feria del Libro Usado con un horario de 9:00 a 13:00 horas, con el prop\u00f3sito de contribuir en el fomento del libro y la lectura, la promoci\u00f3n y venta de libros usados, descatalogados, as\u00ed como ser un lugar de encuentro y de intercambio para coleccionistas, bibli\u00f3filos, bibliomanos, libreros anticuarios y lectores.\u00a0<\/p>\n\n\n\n<p>Se contar\u00e1 con la participaci\u00f3n de la librer\u00eda del se\u00f1or Jes\u00fas Campos. Su librer\u00eda est\u00e1 ubicada en la Ju\u00e1rez, cerca de la Jim\u00e9nez y Galeana. Ha tenido distintos nombres y actualmente es conocida como el negocio del se\u00f1or Campos. El local, que tambi\u00e9n se le conoci\u00f3 como librer\u00eda Gloria, estuvo ubicado en el ya desaparecido Mercado Villa. El se\u00f1or Campos cuenta con m\u00e1s de cuatro d\u00e9cadas ejerciendo este oficio.<\/p>\n\n\n\n<p>Javier Z\u00fa\u00f1iga Bernal, es librero ambulante. Tiene 4 a\u00f1os vendiendo libro usado formalmente, pero toda la vida se ha dedicado a ello. Su abuela le hered\u00f3 el oficio. Ella le dej\u00f3 muchos libros como herencia y cuando las personas se enteraron lo empezaron a buscar para comprar e intercambiar. Los s\u00e1bados y domingos de 7 a 10 de la noche se le puede encontrar en La Alameda, por el lado de la Allende.&nbsp;<\/p>\n\n\n\n<p>Como invitada tambi\u00e9n se contar\u00e1 con la presencia de la se\u00f1ora Doris Romero de la librer\u00eda Otelo, quien tienen en su haber un conocimiento amplio sobre el negocio de la venta del libro usado.<\/p>\n\n\n\n<p><strong>EN GUADALAJARA:<\/strong><\/p>\n\n\n\n<p>El D\u00eda Mundial del Libro es una celebraci\u00f3n creada en 1995 por disposici\u00f3n y acuerdo de la Unesco. Desde 2002, la Feria Internacional del Libro en Guadalajara festeja este d\u00eda con una lectura p\u00fablica en voz alta, en este a\u00f1o ha estado dedicada a \u00abEnsayo de la ceguera\u00bb de Jos\u00e9 Saramago.<\/p>\n\n\n\n<p>En estos maratones, que adem\u00e1s de Guadalajara se extienden a otros municipios de Jalisco, se han le\u00eddo las obras de Juan Jos\u00e9 Arreola (2002, 2011 y 2018), Julio Cort\u00e1zar (2003), Pablo Neruda (2004), Julio Verne (2005), Jorge Luis Borges (2006), Gabriel Garc\u00eda M\u00e1rquez (2007), Agust\u00edn Y\u00e1\u00f1ez (2008), Horacio Quiroga (2009), Jorge Ibarg\u00fcengoitia (2010), Bram Stoker (2012), Jane Austen (2013), Jos\u00e9 Emilio Pacheco (2014), Lewis Carroll (2015), Mary Shelley (2016), Ignacio Padilla (2017), Fernando del Paso (2019), Ray Bradbury 2020) y Augusto Monterroso (2021).<\/p>\n\n\n\n<p><\/p>\n","protected":false},"excerpt":{"rendered":"<p>El 23 de abril es un d\u00eda simb\u00f3lico para la literatura mundial, ya que ese d\u00eda, en 1616 fallecieron Cervantes, Garcilaso de la Vega y Shakespeare (Cervantes en realidad muri\u00f3 &hellip; <a href=\"https:\/\/lavereda.com.mx\/index.php\/2022\/04\/24\/feria-del-libro-usado-y-lecturas-en-voz-alta-para-celebrar-el-dia-del-libro\/\" class=\"more-link\">Leer m\u00e1s<\/a><\/p>\n","protected":false},"author":9,"featured_media":1268,"comment_status":"open","ping_status":"open","sticky":false,"template":"","format":"standard","meta":{"footnotes":""},"categories":[5,18],"tags":[],"class_list":["post-3535","post","type-post","status-publish","format-standard","has-post-thumbnail","hentry","category-letras-y-libros","category-lomasrelevante","entry"],"_links":{"self":[{"href":"https:\/\/lavereda.com.mx\/index.php\/wp-json\/wp\/v2\/posts\/3535","targetHints":{"allow":["GET"]}}],"collection":[{"href":"https:\/\/lavereda.com.mx\/index.php\/wp-json\/wp\/v2\/posts"}],"about":[{"href":"https:\/\/lavereda.com.mx\/index.php\/wp-json\/wp\/v2\/types\/post"}],"author":[{"embeddable":true,"href":"https:\/\/lavereda.com.mx\/index.php\/wp-json\/wp\/v2\/users\/9"}],"replies":[{"embeddable":true,"href":"https:\/\/lavereda.com.mx\/index.php\/wp-json\/wp\/v2\/comments?post=3535"}],"version-history":[{"count":1,"href":"https:\/\/lavereda.com.mx\/index.php\/wp-json\/wp\/v2\/posts\/3535\/revisions"}],"predecessor-version":[{"id":3536,"href":"https:\/\/lavereda.com.mx\/index.php\/wp-json\/wp\/v2\/posts\/3535\/revisions\/3536"}],"wp:featuredmedia":[{"embeddable":true,"href":"https:\/\/lavereda.com.mx\/index.php\/wp-json\/wp\/v2\/media\/1268"}],"wp:attachment":[{"href":"https:\/\/lavereda.com.mx\/index.php\/wp-json\/wp\/v2\/media?parent=3535"}],"wp:term":[{"taxonomy":"category","embeddable":true,"href":"https:\/\/lavereda.com.mx\/index.php\/wp-json\/wp\/v2\/categories?post=3535"},{"taxonomy":"post_tag","embeddable":true,"href":"https:\/\/lavereda.com.mx\/index.php\/wp-json\/wp\/v2\/tags?post=3535"}],"curies":[{"name":"wp","href":"https:\/\/api.w.org\/{rel}","templated":true}]}}