{"id":353,"date":"2020-08-15T23:16:37","date_gmt":"2020-08-15T23:16:37","guid":{"rendered":"https:\/\/web.lavereda.com.mx\/?p=353"},"modified":"2020-08-15T23:16:37","modified_gmt":"2020-08-15T23:16:37","slug":"invitan-a-colorear-el-nuevo-libro-infantil-de-torreon","status":"publish","type":"post","link":"https:\/\/lavereda.com.mx\/index.php\/2020\/08\/15\/invitan-a-colorear-el-nuevo-libro-infantil-de-torreon\/","title":{"rendered":"Invitan a colorear el nuevo libro infantil de Torre\u00f3n"},"content":{"rendered":"\n<p>La Direcci\u00f3n General de Cultura public\u00f3 el libro infantil &nbsp;\u201cColoreando mi Torre\u00f3n\u201d, el cual cuenta con la participaci\u00f3n de diversos artistas de la regi\u00f3n que colaboraron con algunas ilustraciones de paisajes ic\u00f3nicos de la laguna.<\/p>\n\n\n\n<hr class=\"wp-block-separator\" id=\"system-readmore\"\/>\n\n\n\n<p>En un trabajo de la Coordinaci\u00f3n de Artes Visuales con artistas laguneros,&nbsp;&nbsp;con el objetivo&nbsp;&nbsp;de contribuir a tener una sociedad que conozca y reflexione acerca de los rasgos y elementos de identidad com\u00fan, \u00abcon miras a un progreso sustentable que permita una convivencia responsable, equitativa, respetuosa y diversa, principalmente generando est\u00edmulos de sensibilidad hacia estos elementos en&nbsp;&nbsp;las ni\u00f1as y ni\u00f1os, se logr\u00f3 capitalizar este proyecto que estar\u00e1 disponible en los diferentes recintos culturales de la ciudad\u00bb, inform\u00f3 la dependencia.<\/p>\n\n\n\n<p>Los artistas que participaron en la creaci\u00f3n de este proyecto, son: Miguel \u00c1ngel Espinoza, Teresa Hern\u00e1ndez, Jaime Sifuentes, Patricia Hern\u00e1ndez, Eduardo \u201cGuayo\u201d Valenzuela, Luis Sergio Rangel \u201cm\u00e1scara\u201d y Alan David Barrag\u00e1n Valenzuela, quienes plasmaron, su estilo en ilustraciones de paisajes, edificios y monumentos representativos de Torre\u00f3n. Es un trabajo para que la gente reconozca y se apropie de la arquitectura y paisajes de nuestra ciudad. Reforzando as\u00ed el amor y la pertenencia de aquellas y aquellos que son la semilla de la sociedad torreonense del futuro.<\/p>\n\n\n\n<p>Fue impreso un tiraje de 2 mil ejemplares de este libro, los cuales se van a distribuir en los centros culturales, Pablo C. Moreno, Jos\u00e9 R. Mijares, Casa Mud\u00e9jar y Jabonera la Uni\u00f3n, as\u00ed como los Museos, de la Moneda, del Algod\u00f3n, del Ferrocarril, Casa del Cerro y Canal de la Perla. Por lo pronto se obsequiar\u00e1n&nbsp; en las redes sociales de la DGCT a trav\u00e9s de diversas din\u00e1micas dirigidas a ni\u00f1os y ni\u00f1as.&nbsp;<\/p>\n","protected":false},"excerpt":{"rendered":"<p>La Direcci\u00f3n General de Cultura public\u00f3 el libro infantil  \u201cColoreando mi Torre\u00f3n\u201d, el cual cuenta con la participaci\u00f3n de diversos artistas de la regi\u00f3n que colaboraron con algunas ilustraciones de paisajes ic\u00f3nicos de la laguna.<\/p>\n","protected":false},"author":1,"featured_media":354,"comment_status":"open","ping_status":"open","sticky":false,"template":"","format":"standard","meta":{"footnotes":""},"categories":[10],"tags":[],"class_list":["post-353","post","type-post","status-publish","format-standard","has-post-thumbnail","hentry","category-la-vereda-infantil","entry"],"_links":{"self":[{"href":"https:\/\/lavereda.com.mx\/index.php\/wp-json\/wp\/v2\/posts\/353","targetHints":{"allow":["GET"]}}],"collection":[{"href":"https:\/\/lavereda.com.mx\/index.php\/wp-json\/wp\/v2\/posts"}],"about":[{"href":"https:\/\/lavereda.com.mx\/index.php\/wp-json\/wp\/v2\/types\/post"}],"author":[{"embeddable":true,"href":"https:\/\/lavereda.com.mx\/index.php\/wp-json\/wp\/v2\/users\/1"}],"replies":[{"embeddable":true,"href":"https:\/\/lavereda.com.mx\/index.php\/wp-json\/wp\/v2\/comments?post=353"}],"version-history":[{"count":1,"href":"https:\/\/lavereda.com.mx\/index.php\/wp-json\/wp\/v2\/posts\/353\/revisions"}],"predecessor-version":[{"id":355,"href":"https:\/\/lavereda.com.mx\/index.php\/wp-json\/wp\/v2\/posts\/353\/revisions\/355"}],"wp:featuredmedia":[{"embeddable":true,"href":"https:\/\/lavereda.com.mx\/index.php\/wp-json\/wp\/v2\/media\/354"}],"wp:attachment":[{"href":"https:\/\/lavereda.com.mx\/index.php\/wp-json\/wp\/v2\/media?parent=353"}],"wp:term":[{"taxonomy":"category","embeddable":true,"href":"https:\/\/lavereda.com.mx\/index.php\/wp-json\/wp\/v2\/categories?post=353"},{"taxonomy":"post_tag","embeddable":true,"href":"https:\/\/lavereda.com.mx\/index.php\/wp-json\/wp\/v2\/tags?post=353"}],"curies":[{"name":"wp","href":"https:\/\/api.w.org\/{rel}","templated":true}]}}