{"id":3529,"date":"2022-04-22T18:23:37","date_gmt":"2022-04-22T18:23:37","guid":{"rendered":"http:\/\/lavereda.com.mx\/?p=3529"},"modified":"2022-04-22T18:23:38","modified_gmt":"2022-04-22T18:23:38","slug":"gomez-palacio-tendra-su-primera-feria-del-libro-y-muestra-artesanal","status":"publish","type":"post","link":"https:\/\/lavereda.com.mx\/index.php\/2022\/04\/22\/gomez-palacio-tendra-su-primera-feria-del-libro-y-muestra-artesanal\/","title":{"rendered":"G\u00f3mez Palacio tendr\u00e1 su Primera Feria del Libro y Muestra Artesanal"},"content":{"rendered":"\n<p>El 23 de abril se conmemora el D\u00eda Internacional del Libro y los Derechos de Autor, en varias ciudades del pa\u00eds se celebrar\u00e1n actividades y en G\u00f3mez Palacio no ser\u00e1 la excepci\u00f3n. <\/p>\n\n\n\n<p>El Ayuntamiento, a trav\u00e9s de la Direcci\u00f3n de Arte y Cultura, en coordinaci\u00f3n con Bibliotecas P\u00fablicas Municipales, invita a la ciudadan\u00eda en general el pr\u00f3ximo s\u00e1bado a la Primera Feria del Libro y Muestra Artesanal, que se llevar\u00e1 a cabo en la Plaza de Armas de esta ciudad a partir de las 17:00 horas, con el prop\u00f3sito de celebrar el D\u00eda Internacional del Libro.<\/p>\n\n\n\n<p>En esta feria, que tambi\u00e9n es organizada en coordinaci\u00f3n con Peruanitos Ediciones, se contar\u00e1 con la asistencia de artesanos y emprendedores regionales.\u00a0<\/p>\n\n\n\n<p>El objetivo de esta Primera Feria del Libro y Muestra Artesanal es resaltar la conmemoraci\u00f3n y, sobre todo, generar conciencia sobre la importancia del libro y del h\u00e1bito de la lectura, como uno de los elementos de crecimiento intelectual y cultural entre los individuos.<\/p>\n\n\n\n<p>Las actividades dar\u00e1n inicio a partir de las cinco de la tarde con la presentaci\u00f3n del libro \u201cPregonera de rosas\u201d, de Mirna Soraya, seguida por una presentaci\u00f3n infantil a cargo de la cuenta cuentos Ena Gal\u00edndez, as\u00ed como del grupo musical Thany Crox y el relato de un cuento musicalizado por profesores de la Escuela Municipal de M\u00fasica Silvestre Revueltas, a cargo de Joha Cuentacuentos.&nbsp;<\/p>\n\n\n\n<p>Posteriormente se tendr\u00e1 una conferencia y presentaci\u00f3n literaria a cargo de Cravioto Editores, mientras que despu\u00e9s de ese evento se desarrollar\u00e1 el espect\u00e1culo de \u201cM\u00e9dicos de la Risa\u201d, dirigido a ni\u00f1os y ni\u00f1as.&nbsp;<\/p>\n\n\n\n<p>A partir de las 19:00 horas se ofrecer\u00e1 otro espect\u00e1culo infantil titulado \u201cAventuras de P\u2019luche\u201d a cargo de Juan Huerta, adem\u00e1s de la presentaci\u00f3n del libro \u201cLluvia Lagunera, un Formidable Fen\u00f3meno Fantasmal\u201d, de nueva cuenta, a las 20:00 horas, se efectuar\u00e1 otra presentaci\u00f3n de libro, en este caso el t\u00edtulo \u201cValores Para ser Feliz\u201d de Jos\u00e9 Miguel Ch\u00e1irez, as\u00ed como una actividad infantil a cargo de Mimo Sammy y la presentaci\u00f3n musical a cargo de Miguel Amaranto.<\/p>\n\n\n\n<p>A su vez, se impartir\u00e1n talleres de Origami Literario por parte de Josefina Gonz\u00e1lez, el cual estar\u00e1 dirigido a ni\u00f1as, ni\u00f1os y adolescentes, as\u00ed como el de Entre Letras y Aventuras, por Ani Hern\u00e1ndez. Todos ser\u00e1n en el kiosco de la Plaza de Armas con un aforo limitado a 20 personas.<\/p>\n\n\n\n<p>As\u00ed mismo, se contar\u00e1 con exposici\u00f3n y venta a cargo de las editoriales y librer\u00edas locales, con ejemplares de todos los g\u00e9neros y para todos los gustos, aunado a la tienda de novelas gr\u00e1ficas Kingdom.<\/p>\n\n\n\n<p>Esta es una actividad donde destaca la organizaci\u00f3n de Bibliotecas P\u00fablicas de G\u00f3mez Palacio, estancia municipal que lleva a cabo actividades permanentes para la promoci\u00f3n de la lectura entre ni\u00f1os, j\u00f3venes y adultos tanto en la zona urbana como en las comunidades rurales.<\/p>\n","protected":false},"excerpt":{"rendered":"<p>El 23 de abril se conmemora el D\u00eda Internacional del Libro y los Derechos de Autor, en varias ciudades del pa\u00eds se celebrar\u00e1n actividades y en G\u00f3mez Palacio no ser\u00e1 &hellip; <a href=\"https:\/\/lavereda.com.mx\/index.php\/2022\/04\/22\/gomez-palacio-tendra-su-primera-feria-del-libro-y-muestra-artesanal\/\" class=\"more-link\">Leer m\u00e1s<\/a><\/p>\n","protected":false},"author":1,"featured_media":3530,"comment_status":"open","ping_status":"open","sticky":false,"template":"","format":"standard","meta":{"footnotes":""},"categories":[5,18],"tags":[],"class_list":["post-3529","post","type-post","status-publish","format-standard","has-post-thumbnail","hentry","category-letras-y-libros","category-lomasrelevante","entry"],"_links":{"self":[{"href":"https:\/\/lavereda.com.mx\/index.php\/wp-json\/wp\/v2\/posts\/3529","targetHints":{"allow":["GET"]}}],"collection":[{"href":"https:\/\/lavereda.com.mx\/index.php\/wp-json\/wp\/v2\/posts"}],"about":[{"href":"https:\/\/lavereda.com.mx\/index.php\/wp-json\/wp\/v2\/types\/post"}],"author":[{"embeddable":true,"href":"https:\/\/lavereda.com.mx\/index.php\/wp-json\/wp\/v2\/users\/1"}],"replies":[{"embeddable":true,"href":"https:\/\/lavereda.com.mx\/index.php\/wp-json\/wp\/v2\/comments?post=3529"}],"version-history":[{"count":1,"href":"https:\/\/lavereda.com.mx\/index.php\/wp-json\/wp\/v2\/posts\/3529\/revisions"}],"predecessor-version":[{"id":3531,"href":"https:\/\/lavereda.com.mx\/index.php\/wp-json\/wp\/v2\/posts\/3529\/revisions\/3531"}],"wp:featuredmedia":[{"embeddable":true,"href":"https:\/\/lavereda.com.mx\/index.php\/wp-json\/wp\/v2\/media\/3530"}],"wp:attachment":[{"href":"https:\/\/lavereda.com.mx\/index.php\/wp-json\/wp\/v2\/media?parent=3529"}],"wp:term":[{"taxonomy":"category","embeddable":true,"href":"https:\/\/lavereda.com.mx\/index.php\/wp-json\/wp\/v2\/categories?post=3529"},{"taxonomy":"post_tag","embeddable":true,"href":"https:\/\/lavereda.com.mx\/index.php\/wp-json\/wp\/v2\/tags?post=3529"}],"curies":[{"name":"wp","href":"https:\/\/api.w.org\/{rel}","templated":true}]}}