{"id":3512,"date":"2022-04-19T23:50:46","date_gmt":"2022-04-19T23:50:46","guid":{"rendered":"http:\/\/lavereda.com.mx\/?p=3512"},"modified":"2022-04-19T23:50:47","modified_gmt":"2022-04-19T23:50:47","slug":"honran-memoria-de-sor-juana-ines-en-el-panteon-de-dolores","status":"publish","type":"post","link":"https:\/\/lavereda.com.mx\/index.php\/2022\/04\/19\/honran-memoria-de-sor-juana-ines-en-el-panteon-de-dolores\/","title":{"rendered":"Honran memoria de Sor Juana In\u00e9s en el Pante\u00f3n de Dolores"},"content":{"rendered":"\n<p>Ciudad de M\u00e9xico.- El Gobierno de M\u00e9xico rindi\u00f3 homenaje a Sor Juana In\u00e9s de la Cruz en su 327 aniversario luctuoso  celebrado el 18 de abril, con la develaci\u00f3n de un cenotafio en la Rotonda de las Personas Ilustres.\u00a0<\/p>\n\n\n\n<p>En representaci\u00f3n del secretario de Gobernaci\u00f3n, Ad\u00e1n Augusto L\u00f3pez Hern\u00e1ndez, el subsecretario de Desarrollo Democr\u00e1tico, Participaci\u00f3n Social y Asuntos Religiosos, Rabindranath Salazar Solorio, afirm\u00f3 que la actual administraci\u00f3n honra la memoria de la primera gran feminista de la naci\u00f3n, al implementar pol\u00edticas que erradican la violencia contra las mujeres y la discriminaci\u00f3n, la cual no tiene cabida en una naci\u00f3n democr\u00e1tica.&nbsp;<\/p>\n\n\n\n<p>Explic\u00f3 que actualmente existe una iniciativa en el Congreso de la Uni\u00f3n para reformar el art\u00edculo 18 de la Ley sobre el Escudo, la Bandera y el Himno Nacionales, a fin de que el l\u00e1baro patrio sea izado en los aniversarios luctuosos de 19 mujeres forjadoras de la patria, honor conferido hasta el momento, solo a hombres pr\u00f3ceres.&nbsp;<\/p>\n\n\n\n<p>En la ceremonia de develaci\u00f3n, a la que asisti\u00f3 en representaci\u00f3n del presidente Andr\u00e9s Manuel L\u00f3pez Obrador, la jefa de Gobierno de la Ciudad de M\u00e9xico, Claudia Sheinbaum Pardo, el subsecretario de Desarrollo Democr\u00e1tico, Participaci\u00f3n Social y Asuntos Religiosos afirm\u00f3 que \u201cla historia de Sor Juana nos inspira, conmueve y alienta a seguir trabajando a favor de todas aquellas mujeres que han visto reducidas sus posibilidades de \u00e9xito por cuestiones de g\u00e9nero, que se han perdido en el devenir hist\u00f3rico o cuyas voces han sido silenciadas\u201d.&nbsp;&nbsp;<\/p>\n\n\n\n<p>La secretaria de Cultura, Alejandra Frausto Guerrero, se\u00f1al\u00f3 que \u201ca Sor Juana la hizo eterna el arte y hoy la honramos con esta pieza en el hist\u00f3rico Pante\u00f3n de Dolores, en el que el presidente de la Rep\u00fablica ha instruido dignificar revalorando a quienes descansan en esta rotonda, personas ilustres que forman parte del espacio p\u00fablico recuperado para todos los mexicanos, el bosque de Chapultepec\u201d.&nbsp;&nbsp;<\/p>\n\n\n\n<p>Este cenotafio \u2013a\u00f1adi\u00f3\u2013 es el reconocimiento nacional a la m\u00e1s grande escritora que hemos tenido, a la gran voz de un continente durante tres siglos de dominaci\u00f3n.&nbsp;<\/p>\n\n\n\n<p>Entre las personas asistentes a la ceremonia estuvieron la presidenta del Instituto Nacional de las Mujeres (Inmujeres), Nadine Gasman Zylbermann; el coordinador de Memoria Hist\u00f3rica y Cultural de M\u00e9xico, Eduardo Villegas Meg\u00edas; y la presidenta de la Mesa Directiva del Senado de la Rep\u00fablica, Olga S\u00e1nchez Cordero, entre otras y otros representantes del gobierno federal y local, as\u00ed como Camila Ju\u00e1rez Hern\u00e1ndez, integrante del Semillero Creativo de Artes Esc\u00e9nicas en Chiautempan, Tlaxcala.&nbsp;<\/p>\n","protected":false},"excerpt":{"rendered":"<p>Ciudad de M\u00e9xico.- El Gobierno de M\u00e9xico rindi\u00f3 homenaje a Sor Juana In\u00e9s de la Cruz en su 327 aniversario luctuoso celebrado el 18 de abril, con la develaci\u00f3n de &hellip; <a href=\"https:\/\/lavereda.com.mx\/index.php\/2022\/04\/19\/honran-memoria-de-sor-juana-ines-en-el-panteon-de-dolores\/\" class=\"more-link\">Leer m\u00e1s<\/a><\/p>\n","protected":false},"author":1,"featured_media":3513,"comment_status":"open","ping_status":"open","sticky":false,"template":"","format":"standard","meta":{"footnotes":""},"categories":[3,18],"tags":[31],"class_list":["post-3512","post","type-post","status-publish","format-standard","has-post-thumbnail","hentry","category-artes-visuales","category-lomasrelevante","tag-sor-juana","entry"],"_links":{"self":[{"href":"https:\/\/lavereda.com.mx\/index.php\/wp-json\/wp\/v2\/posts\/3512","targetHints":{"allow":["GET"]}}],"collection":[{"href":"https:\/\/lavereda.com.mx\/index.php\/wp-json\/wp\/v2\/posts"}],"about":[{"href":"https:\/\/lavereda.com.mx\/index.php\/wp-json\/wp\/v2\/types\/post"}],"author":[{"embeddable":true,"href":"https:\/\/lavereda.com.mx\/index.php\/wp-json\/wp\/v2\/users\/1"}],"replies":[{"embeddable":true,"href":"https:\/\/lavereda.com.mx\/index.php\/wp-json\/wp\/v2\/comments?post=3512"}],"version-history":[{"count":1,"href":"https:\/\/lavereda.com.mx\/index.php\/wp-json\/wp\/v2\/posts\/3512\/revisions"}],"predecessor-version":[{"id":3514,"href":"https:\/\/lavereda.com.mx\/index.php\/wp-json\/wp\/v2\/posts\/3512\/revisions\/3514"}],"wp:featuredmedia":[{"embeddable":true,"href":"https:\/\/lavereda.com.mx\/index.php\/wp-json\/wp\/v2\/media\/3513"}],"wp:attachment":[{"href":"https:\/\/lavereda.com.mx\/index.php\/wp-json\/wp\/v2\/media?parent=3512"}],"wp:term":[{"taxonomy":"category","embeddable":true,"href":"https:\/\/lavereda.com.mx\/index.php\/wp-json\/wp\/v2\/categories?post=3512"},{"taxonomy":"post_tag","embeddable":true,"href":"https:\/\/lavereda.com.mx\/index.php\/wp-json\/wp\/v2\/tags?post=3512"}],"curies":[{"name":"wp","href":"https:\/\/api.w.org\/{rel}","templated":true}]}}