{"id":351,"date":"2020-08-15T23:10:08","date_gmt":"2020-08-15T23:10:08","guid":{"rendered":"https:\/\/web.lavereda.com.mx\/?p=351"},"modified":"2020-08-15T23:10:08","modified_gmt":"2020-08-15T23:10:08","slug":"2020-el-ano-de-una-gran-mujer","status":"publish","type":"post","link":"https:\/\/lavereda.com.mx\/index.php\/2020\/08\/15\/2020-el-ano-de-una-gran-mujer\/","title":{"rendered":"2020: el a\u00f1o de una gran mujer"},"content":{"rendered":"\n<p>El gobierno federal, a&nbsp;trav\u00e9s de un decreto en el Diario Oficial de la Federaci\u00f3n (DOF), declar\u00f3 2020 como a\u00f1o de Leona Vicario,&nbsp;Benem\u00e9rita de Patria:<\/p>\n\n\n\n<p>As\u00ed lo expresa el DOF:<\/p>\n\n\n\n<hr class=\"wp-block-separator\" id=\"system-readmore\"\/>\n\n\n\n<p>\u00abArt\u00edculo Primero.&nbsp;El Honorable Congreso de la Uni\u00f3n declara al 2020 como \u00abA\u00f1o de Leona Vicario,&nbsp;Benem\u00e9rita Madre de la Patria\u00bb.<\/p>\n\n\n\n<p>Art\u00edculo Segundo.&nbsp;Se instruye a las dependencias y entidades de la Administraci\u00f3n P\u00fablica Federal para&nbsp;que durante el a\u00f1o 2020, en toda la documentaci\u00f3n oficial se inscriba la leyenda: 2020, A\u00f1o de Leona Vicario,&nbsp;Benem\u00e9rita Madre de la Patria.<\/p>\n\n\n\n<p>En estricto apego al principio de distribuci\u00f3n de competencias, se invita a los dem\u00e1s Poderes de la Uni\u00f3n,&nbsp;\u00d3rganos Constitucionales Aut\u00f3nomos, entidades federativas, municipios y demarcaciones territoriales de la&nbsp;Ciudad de M\u00e9xico a adherirse al presente Decreto\u00bb.<\/p>\n\n\n\n<p>Adem\u00e1s, la jefa de gobierno de la Ciudad de M\u00e9xico, Claudia &nbsp;Sheinbaum, acat\u00f3 esta medida y anunci\u00f3 hoy que este a\u00f1o se crear\u00e1 el Paseo de las Hero\u00ednas con estatuas de mujeres importantes en la historia de M\u00e9xico, empezando por Leona Vicario.<\/p>\n\n\n\n<p><strong>Pero \u00bfQui\u00e9n fue esta gran mujer?<\/strong><\/p>\n\n\n\n<p>Leona Vicario es considerada la primera mujer periodista en M\u00e9xico.<\/p>\n\n\n\n<p>Una de las figuras m\u00e1s destacadas de la Guerra de independencia&nbsp;durante la cual se dedic\u00f3 a informar a los&nbsp;insurgentes&nbsp;de todos los movimientos que pod\u00edan interesarles.<\/p>\n\n\n\n<p>Perteneci\u00f3 al grupo de&nbsp;Los Guadalupes&nbsp;y financi\u00f3 con su propia fortuna la&nbsp;insurgencia,&nbsp;se enfrent\u00f3 a numerosos riesgos, por apoyar la causa independentista&nbsp;y contrajo matrimonio con Andr\u00e9s Quintana Roo.<\/p>\n\n\n\n<p>Fue declarada Benem\u00e9rita y Dulc\u00edsima Madre de la Patria el 25 de agosto de 1842, a los cuatro d\u00edas de su fallecimiento&nbsp;<em>,<\/em>&nbsp;su nombre est\u00e1 inscrito con letras de oro en el Muro de Honor del Palacio Legislativo de San L\u00e1zaro, sede de la C\u00e1mara de Diputados de M\u00e9xico.<\/p>\n\n\n\n<p>Hasta la fecha, ha sido la \u00fanica mujer en M\u00e9xico a la que se le han ofrecido funerales de estado.<\/p>\n","protected":false},"excerpt":{"rendered":"<p>El gobierno federal, a trav\u00e9s de un decreto en el Diario Oficial de la Federaci\u00f3n (DOF), declar\u00f3 2020 como a\u00f1o de Leona Vicario, Benem\u00e9rita de Patria<\/p>\n","protected":false},"author":1,"featured_media":347,"comment_status":"open","ping_status":"open","sticky":false,"template":"","format":"standard","meta":{"footnotes":""},"categories":[12],"tags":[],"class_list":["post-351","post","type-post","status-publish","format-standard","has-post-thumbnail","hentry","category-equidad","entry"],"_links":{"self":[{"href":"https:\/\/lavereda.com.mx\/index.php\/wp-json\/wp\/v2\/posts\/351","targetHints":{"allow":["GET"]}}],"collection":[{"href":"https:\/\/lavereda.com.mx\/index.php\/wp-json\/wp\/v2\/posts"}],"about":[{"href":"https:\/\/lavereda.com.mx\/index.php\/wp-json\/wp\/v2\/types\/post"}],"author":[{"embeddable":true,"href":"https:\/\/lavereda.com.mx\/index.php\/wp-json\/wp\/v2\/users\/1"}],"replies":[{"embeddable":true,"href":"https:\/\/lavereda.com.mx\/index.php\/wp-json\/wp\/v2\/comments?post=351"}],"version-history":[{"count":1,"href":"https:\/\/lavereda.com.mx\/index.php\/wp-json\/wp\/v2\/posts\/351\/revisions"}],"predecessor-version":[{"id":352,"href":"https:\/\/lavereda.com.mx\/index.php\/wp-json\/wp\/v2\/posts\/351\/revisions\/352"}],"wp:featuredmedia":[{"embeddable":true,"href":"https:\/\/lavereda.com.mx\/index.php\/wp-json\/wp\/v2\/media\/347"}],"wp:attachment":[{"href":"https:\/\/lavereda.com.mx\/index.php\/wp-json\/wp\/v2\/media?parent=351"}],"wp:term":[{"taxonomy":"category","embeddable":true,"href":"https:\/\/lavereda.com.mx\/index.php\/wp-json\/wp\/v2\/categories?post=351"},{"taxonomy":"post_tag","embeddable":true,"href":"https:\/\/lavereda.com.mx\/index.php\/wp-json\/wp\/v2\/tags?post=351"}],"curies":[{"name":"wp","href":"https:\/\/api.w.org\/{rel}","templated":true}]}}