{"id":3506,"date":"2022-04-19T03:55:12","date_gmt":"2022-04-19T03:55:12","guid":{"rendered":"http:\/\/lavereda.com.mx\/?p=3506"},"modified":"2022-04-19T14:19:03","modified_gmt":"2022-04-19T14:19:03","slug":"coahuila-conmemora-dia-mundial-del-libro-y-los-derechos-de-autor","status":"publish","type":"post","link":"https:\/\/lavereda.com.mx\/index.php\/2022\/04\/19\/coahuila-conmemora-dia-mundial-del-libro-y-los-derechos-de-autor\/","title":{"rendered":"Coahuila conmemora d\u00eda mundial del libro y los derechos de autor"},"content":{"rendered":"\n<p>Saltillo- La Secretar\u00eda de Cultura de Coahuila dio a conocer las diferentes actividades que se\u00a0 realizar\u00e1n con motivo del D\u00eda Mundial del Libro y los Derechos de Autor, con el programa \u201cCita con los libros\u201d.<\/p>\n\n\n\n<p>Salvador \u00c1lvarez de la Fuente , Director de Cultura Escrita, dijo:&nbsp;<\/p>\n\n\n\n<blockquote class=\"wp-block-quote is-layout-flow wp-block-quote-is-layout-flow\"><p>\u201dCon estas acciones se convoca a promotores de lectura, docentes y alumnos a participar en las distintas actividades en espacios p\u00fablicos que llevaremos a cabo, como talleres literarios, presentaci\u00f3n de libros, lectura de obras y encuentros con los libros con la Cita a ciegas con un libro, donde se expondr\u00e1n obras de todos los g\u00e9neros y para todas las edades. Consiste en entregar libros envueltos con papel, con la portada una frase o rese\u00f1a de la obra, para hacerlo m\u00e1s atractivo a los lectores\u201d.<\/p><\/blockquote>\n\n\n\n<p>La agenda de actividades para esta importante jornada, que adem\u00e1s comprende la entrega de acervo complementario a Mediadores y Mediadoras del Programa Nacional de Salas de Lectura en Coahuila, es la siguiente: a partir del 19 abril a las 18:00 horas, Lectura, entrega y venta de libros en la Librer\u00eda Educal, ubicada en el Museo de la Frontera Norte de Piedras Negras.<\/p>\n\n\n\n<p>El 21 de abril a las 12:00 horas estar\u00e1 el Libro Bici- sala de lectura, en la Universidad del Valle de M\u00e9xico, Campus Saltillo; posteriormente a las 18:00 horas se llevar\u00e1 a cabo la presentaci\u00f3n de libro \u201cLa doble cara de la muerte\u201d.<\/p>\n\n\n\n<p>Adem\u00e1s, \u201clos cuentos de la infancia en Saltillo\u201d, de Marino Gonz\u00e1lez Ruiz, presenta Livio \u00c1vila y el Autor en el Centro de las Letras \u201c\u00d3scar Flores Tapia\u201d, de Saltillo.<\/p>\n\n\n\n<p>Para el 22 de abril se realizar\u00e1 el taller literario \u201cAnatom\u00eda de un villano. Cad\u00e1ver exquisito\u201d, impartido por Luis Daniel Luna, promotor de lectura en el Centro de las Letras \u201c\u00d3scar Flores Tapia\u201d, de Saltillo, a las 17:00 horas.<\/p>\n\n\n\n<p>La celebraci\u00f3n del d\u00eda 23 inicia a las 11:00 horas, con el Podcast \u201cHistoria del Libro\u201d, a cargo de&nbsp; Valeria Mata Rodr\u00edguez, la cual se puede escuchar en Spotify y otras plataformas digitales.<\/p>\n\n\n\n<p>Posteriormente se tendr\u00e1 la \u201cCita a ciegas con un libro\u201d en los municipios de Acu\u00f1a, Monclova, Nava, Piedras Negras, Saltillo, San Buenaventura y Torre\u00f3n, misma que se realizar\u00e1 en espacios p\u00fablicos plazas, parques y jardines, durante todo el d\u00eda.<\/p>\n\n\n\n<p>En Torre\u00f3n se tendr\u00e1 la presentaci\u00f3n del libro \u201cLos Ni\u00f1os del Mezquite\u201d, de las ediciones SC en la Librer\u00eda El Astillero, ubicada en Av. Morelos 559-Poniente, a las 18:00 horas.<\/p>\n\n\n\n<p>En Saltillo se tendr\u00e1 el taller \u201cRecuerdo sentido\u201d, con Malena Hern\u00e1ndez, de la Sala de Lectura \u201cLa hojarasca\u201d, en el Paralibros&nbsp; de la Alameda Zaragoza, a las 17:00 horas.<\/p>\n\n\n\n<p>Para concluir, en Sabinas est\u00e1 programada la lectura, entrega y venta de libros en la Librer\u00eda M\u00f3vil del Centro Cultural Lily y Edilberto Montemayor, a las 18:00 horas.<\/p>\n","protected":false},"excerpt":{"rendered":"<p>Saltillo- La Secretar\u00eda de Cultura de Coahuila dio a conocer las diferentes actividades que se\u00a0 realizar\u00e1n con motivo del D\u00eda Mundial del Libro y los Derechos de Autor, con el &hellip; <a href=\"https:\/\/lavereda.com.mx\/index.php\/2022\/04\/19\/coahuila-conmemora-dia-mundial-del-libro-y-los-derechos-de-autor\/\" class=\"more-link\">Leer m\u00e1s<\/a><\/p>\n","protected":false},"author":1,"featured_media":3507,"comment_status":"open","ping_status":"open","sticky":false,"template":"","format":"standard","meta":{"footnotes":""},"categories":[5,18],"tags":[],"class_list":["post-3506","post","type-post","status-publish","format-standard","has-post-thumbnail","hentry","category-letras-y-libros","category-lomasrelevante","entry"],"_links":{"self":[{"href":"https:\/\/lavereda.com.mx\/index.php\/wp-json\/wp\/v2\/posts\/3506","targetHints":{"allow":["GET"]}}],"collection":[{"href":"https:\/\/lavereda.com.mx\/index.php\/wp-json\/wp\/v2\/posts"}],"about":[{"href":"https:\/\/lavereda.com.mx\/index.php\/wp-json\/wp\/v2\/types\/post"}],"author":[{"embeddable":true,"href":"https:\/\/lavereda.com.mx\/index.php\/wp-json\/wp\/v2\/users\/1"}],"replies":[{"embeddable":true,"href":"https:\/\/lavereda.com.mx\/index.php\/wp-json\/wp\/v2\/comments?post=3506"}],"version-history":[{"count":2,"href":"https:\/\/lavereda.com.mx\/index.php\/wp-json\/wp\/v2\/posts\/3506\/revisions"}],"predecessor-version":[{"id":3511,"href":"https:\/\/lavereda.com.mx\/index.php\/wp-json\/wp\/v2\/posts\/3506\/revisions\/3511"}],"wp:featuredmedia":[{"embeddable":true,"href":"https:\/\/lavereda.com.mx\/index.php\/wp-json\/wp\/v2\/media\/3507"}],"wp:attachment":[{"href":"https:\/\/lavereda.com.mx\/index.php\/wp-json\/wp\/v2\/media?parent=3506"}],"wp:term":[{"taxonomy":"category","embeddable":true,"href":"https:\/\/lavereda.com.mx\/index.php\/wp-json\/wp\/v2\/categories?post=3506"},{"taxonomy":"post_tag","embeddable":true,"href":"https:\/\/lavereda.com.mx\/index.php\/wp-json\/wp\/v2\/tags?post=3506"}],"curies":[{"name":"wp","href":"https:\/\/api.w.org\/{rel}","templated":true}]}}