{"id":3503,"date":"2022-04-19T02:05:19","date_gmt":"2022-04-19T02:05:19","guid":{"rendered":"http:\/\/lavereda.com.mx\/?p=3503"},"modified":"2022-04-19T02:05:21","modified_gmt":"2022-04-19T02:05:21","slug":"los-riesgos-del-ocio-36","status":"publish","type":"post","link":"https:\/\/lavereda.com.mx\/index.php\/2022\/04\/19\/los-riesgos-del-ocio-36\/","title":{"rendered":"Los riesgos del ocio"},"content":{"rendered":"\n<p>Siguen aconsejando a las mujeres no salir solas, no dejar a las amigas, no arriesgarse. Ya todas sabemos que la cosa debiera ser al rev\u00e9s: no nos secuestres, no nos violes, no nos mates. Pero es m\u00e1s f\u00e1cil para el patriarcado que ejercen tanto hombres como mujeres seguir en&nbsp;<em>el pobrecita m\u2019ija, la dejaron sola y por eso ya no sabemos d\u00f3nde est\u00e1.<\/em>&nbsp;\u00bfPor qu\u00e9 cuesta tanto hacer lo que exigimos? Simplemente que los encargados de la seguridad realicen su trabajo con verdadera honestidad. \u00bfPor qu\u00e9 cuesta tanto? Marchas van y vienen, conmemoraciones se extienden todo el mes, la rabia est\u00e1 latente, pero el problema ah\u00ed est\u00e1, extendi\u00e9ndose. Formando m\u00e1s ramificaciones. Enlutando m\u00e1s hogares.<\/p>\n\n\n\n<p>Cuando joven me encantaba salir sola: al cine, al parque, a vagar por la ciudad, a eventos. No llevaba el miedo conmigo, todav\u00eda no. Recuerdo las largas caminatas saliendo del Teatro Isauro Mart\u00ednez a veces a las diez de la noche, a veces de madrugada, despu\u00e9s de ensayos o presentaciones, hora en que no circulaban los autobuses. Generalmente camin\u00e1bamos cuatro personas, dos chicos, dos chicas. Nos \u00edbamos repartiendo, en G\u00f3mez, Lerdo, San Isidro. El \u00fanico miedo era al rega\u00f1o al d\u00eda siguiente, si se daban cuenta de lo tarde de nuestra llegada.&nbsp;&nbsp;Ahora pienso que tuvimos suerte o tal vez los tiempos no eran tan peligrosos como ahora.&nbsp;<\/p>\n\n\n\n<blockquote class=\"wp-block-quote is-layout-flow wp-block-quote-is-layout-flow\"><p>A veces me tranquilizo pensando \u00bfqui\u00e9n va a querer llevarse a una mujer de mi edad?, pero los hechos me han demostrado que la edad solo es un n\u00famero, que lo tremendo es que somos un sexo vulnerable y de ah\u00ed es donde se cuelga el peligro.<\/p><\/blockquote>\n\n\n\n<p>Es triste, pero da m\u00e1s rabia pensar que no hay libertad de ser. No se nos permite nada. No se nos perdona nada. Todav\u00eda a esta edad que luzco, es un problema querer hacer cualquier cosa que no sea propia de una mujer en tus circunstancias \u00bfcu\u00e1les son? Puede ser que tengo hijos (eres madre, no seas rid\u00edcula), o nietos (eres abuela, comp\u00f3rtate), o cincuentona (eres vieja, s\u00e9 pasiva, esc\u00f3ndete), o cargas el peso de una familia con la que hay que quedar bien y hay que hacer quedar bien. En cualquier caso&nbsp;<em>comp\u00f3rtate bien<\/em>, es la regla.&nbsp;<\/p>\n\n\n\n<p>Y seguir esa regla no siempre te da seguridad. \u00bfQu\u00e9 pudo haber hecho una ni\u00f1a de tres a\u00f1os para que la sociedad la castigue con violaci\u00f3n y muerte?<\/p>\n\n\n\n<p>Estas l\u00edneas las escribo desde una amargura que no s\u00e9 c\u00f3mo redactar. No es nada m\u00e1s el que sigan desapareciendo las ni\u00f1as, las mujeres en general. Es tambi\u00e9n que veo la falta de inter\u00e9s en hacer que esto termine. S\u00f3lo seguimos marchando, escribiendo, enoj\u00e1ndonos y cuando a alguno o alguna (que las hay) se le ocurre decir que a los hombres tambi\u00e9n, que es porque siguen buscando el lugar y el modo, que si el vestuario, que si la soledad; muchas veces ante esos comentarios no nos queda m\u00e1s que hacer de la vista gorda, porque tambi\u00e9n ya estamos cansadas de explicar que nada de lo anterior es suficiente raz\u00f3n, motivo o culpa, porque la muerte est\u00e1 sobre nosotras, solamente porque nacimos mujeres.&nbsp;<\/p>\n","protected":false},"excerpt":{"rendered":"<p>Siguen aconsejando a las mujeres no salir solas, no dejar a las amigas, no arriesgarse. Ya todas sabemos que la cosa debiera ser al rev\u00e9s: no nos secuestres, no nos &hellip; <a href=\"https:\/\/lavereda.com.mx\/index.php\/2022\/04\/19\/los-riesgos-del-ocio-36\/\" class=\"more-link\">Leer m\u00e1s<\/a><\/p>\n","protected":false},"author":11,"featured_media":3504,"comment_status":"open","ping_status":"open","sticky":false,"template":"","format":"standard","meta":{"footnotes":""},"categories":[18,9],"tags":[],"class_list":["post-3503","post","type-post","status-publish","format-standard","has-post-thumbnail","hentry","category-lomasrelevante","category-opinion","entry"],"_links":{"self":[{"href":"https:\/\/lavereda.com.mx\/index.php\/wp-json\/wp\/v2\/posts\/3503","targetHints":{"allow":["GET"]}}],"collection":[{"href":"https:\/\/lavereda.com.mx\/index.php\/wp-json\/wp\/v2\/posts"}],"about":[{"href":"https:\/\/lavereda.com.mx\/index.php\/wp-json\/wp\/v2\/types\/post"}],"author":[{"embeddable":true,"href":"https:\/\/lavereda.com.mx\/index.php\/wp-json\/wp\/v2\/users\/11"}],"replies":[{"embeddable":true,"href":"https:\/\/lavereda.com.mx\/index.php\/wp-json\/wp\/v2\/comments?post=3503"}],"version-history":[{"count":1,"href":"https:\/\/lavereda.com.mx\/index.php\/wp-json\/wp\/v2\/posts\/3503\/revisions"}],"predecessor-version":[{"id":3505,"href":"https:\/\/lavereda.com.mx\/index.php\/wp-json\/wp\/v2\/posts\/3503\/revisions\/3505"}],"wp:featuredmedia":[{"embeddable":true,"href":"https:\/\/lavereda.com.mx\/index.php\/wp-json\/wp\/v2\/media\/3504"}],"wp:attachment":[{"href":"https:\/\/lavereda.com.mx\/index.php\/wp-json\/wp\/v2\/media?parent=3503"}],"wp:term":[{"taxonomy":"category","embeddable":true,"href":"https:\/\/lavereda.com.mx\/index.php\/wp-json\/wp\/v2\/categories?post=3503"},{"taxonomy":"post_tag","embeddable":true,"href":"https:\/\/lavereda.com.mx\/index.php\/wp-json\/wp\/v2\/tags?post=3503"}],"curies":[{"name":"wp","href":"https:\/\/api.w.org\/{rel}","templated":true}]}}