{"id":349,"date":"2020-08-15T23:08:22","date_gmt":"2020-08-15T23:08:22","guid":{"rendered":"https:\/\/web.lavereda.com.mx\/?p=349"},"modified":"2020-08-15T23:08:22","modified_gmt":"2020-08-15T23:08:22","slug":"simone-de-beauvoir-maestra-del-feminismo-mundial","status":"publish","type":"post","link":"https:\/\/lavereda.com.mx\/index.php\/2020\/08\/15\/simone-de-beauvoir-maestra-del-feminismo-mundial\/","title":{"rendered":"Simone de Beauvoir, maestra del feminismo mundial"},"content":{"rendered":"\n<p>Fue un 9 de enero de 1908 cuando naci\u00f3 Simone de Beauvoir, escritora y fil\u00f3sofa francesa, una mujer cuyo pensamiento est\u00e1 m\u00e1s vigente que nunca. Hoy, en este aniversario es recordada por sus geniales ideas.<\/p>\n\n\n\n<p>Su libro \u201cEl segundo sexo\u201d es considerado una obra fundacional del feminismo. Adem\u00e1s, ella escribi\u00f3 acerca de la vejez y el existencialismo.&nbsp;<\/p>\n\n\n\n<hr class=\"wp-block-separator\" id=\"system-readmore\"\/>\n\n\n\n<p>De acuerdo con la Revista Mexicana de Ciencias Pol\u00edticas y Sociales de la UNAM:<\/p>\n\n\n\n<blockquote class=\"wp-block-quote is-layout-flow wp-block-quote-is-layout-flow\"><p>\u201cFigura central en los medios acad\u00e9micos y feministas inter\u00adnacionales,&nbsp; Simone&nbsp; de&nbsp; Beauvoir&nbsp; sigue siendo&nbsp; en nuestro&nbsp; tiempo, una de las personalidades m\u00e1s pol\u00e9micas en todo el&nbsp; mundo.&nbsp;<\/p><p>Nacida en 1908 en Par\u00eds y educada bajo un ambien\u00adte cat\u00f3lico, al cual se rebelar\u00eda en a\u00f1os posteriores, de Beau\u00advoir&nbsp; nos deja, tras su desaparici\u00f3n, una amplia y diversa aportaci\u00f3n literaria.<\/p><p>Fil\u00f3sofa, escritora y militante, Simone de Beauvoir fue ante todo una mujer que a lo largo de su vida luch\u00f3 por asumirse como un sujeto trascendente. Autora de numero\u00adsas novelas en las que se combinan su preocupaci\u00f3n por la&nbsp;<\/p><p>condici\u00f3n social de la mujer y su pensamiento existencialista, aborda distintos temas entre los que destacan: la muerte, la vejez, la soledad, el amor, la angustia y el tiempo\u201d.&nbsp;<\/p><\/blockquote>\n\n\n\n<p>El articulo escrito por Lourdes \u00c1lvarez Icaza, menciona que el en contexto de la Segunda Guerra Mundial y acogida&nbsp; con gran entusiasmo por los cr\u00edticos, la primera novela de Beauvoir, La invitada, se publica en 1943, y es el texto que le abrir\u00e1 el camino para la edici\u00f3n de sus obras posteriores.&nbsp;<\/p>\n\n\n\n<p>M\u00e1s tarde escribe&nbsp; La sangre&nbsp; de&nbsp; los otros (1945); Todos los hombres&nbsp; son&nbsp; mortales (1946) y Los&nbsp; mandarines (1954), obra esta \u00faltima que recibe el premio Goncourt, m\u00e1ximo galard\u00f3n&nbsp; franc\u00e9s para la literatura. &nbsp;<\/p>\n\n\n\n<p>A finales de los a\u00f1os cincuenta, inicia su producci\u00f3n autobiogr\u00e1fica:&nbsp;(Memorias de&nbsp;&nbsp;una joven&nbsp;&nbsp;formal, 1958; La fuerza de&nbsp;&nbsp;la&nbsp;&nbsp;edad&nbsp;&nbsp;1960 y La fuerza&nbsp;&nbsp;de&nbsp;&nbsp;las&nbsp;&nbsp;cosas,1963) libros en que la toma de con\u00ad ciencia de su condici\u00f3n de mujer es una constante.<\/p>\n\n\n\n<p>Sus escritos&nbsp; representan un testimonio de las inquietudes y&nbsp; conflictos a los que se enfrenta el sexo femenino.<\/p>\n","protected":false},"excerpt":{"rendered":"<p>Fue un 9 de enero de 1908 cuando naci\u00f3 Simone de Beauvoir, escritora y fil\u00f3sofa francesa, una mujer cuyo pensamiento est\u00e1 m\u00e1s vigente que nunca. Hoy, en este aniversario es recordada por sus geniales ideas.<\/p>\n","protected":false},"author":1,"featured_media":346,"comment_status":"open","ping_status":"open","sticky":false,"template":"","format":"standard","meta":{"footnotes":""},"categories":[12],"tags":[],"class_list":["post-349","post","type-post","status-publish","format-standard","has-post-thumbnail","hentry","category-equidad","entry"],"_links":{"self":[{"href":"https:\/\/lavereda.com.mx\/index.php\/wp-json\/wp\/v2\/posts\/349","targetHints":{"allow":["GET"]}}],"collection":[{"href":"https:\/\/lavereda.com.mx\/index.php\/wp-json\/wp\/v2\/posts"}],"about":[{"href":"https:\/\/lavereda.com.mx\/index.php\/wp-json\/wp\/v2\/types\/post"}],"author":[{"embeddable":true,"href":"https:\/\/lavereda.com.mx\/index.php\/wp-json\/wp\/v2\/users\/1"}],"replies":[{"embeddable":true,"href":"https:\/\/lavereda.com.mx\/index.php\/wp-json\/wp\/v2\/comments?post=349"}],"version-history":[{"count":1,"href":"https:\/\/lavereda.com.mx\/index.php\/wp-json\/wp\/v2\/posts\/349\/revisions"}],"predecessor-version":[{"id":350,"href":"https:\/\/lavereda.com.mx\/index.php\/wp-json\/wp\/v2\/posts\/349\/revisions\/350"}],"wp:featuredmedia":[{"embeddable":true,"href":"https:\/\/lavereda.com.mx\/index.php\/wp-json\/wp\/v2\/media\/346"}],"wp:attachment":[{"href":"https:\/\/lavereda.com.mx\/index.php\/wp-json\/wp\/v2\/media?parent=349"}],"wp:term":[{"taxonomy":"category","embeddable":true,"href":"https:\/\/lavereda.com.mx\/index.php\/wp-json\/wp\/v2\/categories?post=349"},{"taxonomy":"post_tag","embeddable":true,"href":"https:\/\/lavereda.com.mx\/index.php\/wp-json\/wp\/v2\/tags?post=349"}],"curies":[{"name":"wp","href":"https:\/\/api.w.org\/{rel}","templated":true}]}}