{"id":3474,"date":"2022-04-11T17:53:59","date_gmt":"2022-04-11T17:53:59","guid":{"rendered":"http:\/\/lavereda.com.mx\/?p=3474"},"modified":"2022-04-12T16:20:09","modified_gmt":"2022-04-12T16:20:09","slug":"rossana-conte-presenta-el-concierto-estoy-de-vuelta","status":"publish","type":"post","link":"https:\/\/lavereda.com.mx\/index.php\/2022\/04\/11\/rossana-conte-presenta-el-concierto-estoy-de-vuelta\/","title":{"rendered":"Rossana Conte presenta el concierto \u201cEstoy de vuelta\u201d"},"content":{"rendered":"\n<p>La cantautora lagunera Rossana Conte presenta este martes 12 de abril el concierto&nbsp;\u00abEstoy de Vuelta\u00bb en el Teatro Isauro Mart\u00ednez, donde incluye canciones que escribi\u00f3 en los \u00faltimos 3 a\u00f1os. La cita es a las 20:00 horas y los boleos ya se encuentran en venta en taquilla y tambi\u00e9n en l\u00ednea.<\/p>\n\n\n\n<p>Radicada en San Miguel de Allende, Rossana Conte comparti\u00f3 que sus canciones hablan de la posibilidad de llevar a cabo nuestros sue\u00f1os a pesar de todo, y de la esperanza de que transitaremos estas \u00e9pocas inciertas para llegar fortalecidos como Humanidad.<\/p>\n\n\n\n<p>La presentaci\u00f3n es a beneficio de la Asociaci\u00f3n de Labio y Paladar Hendido de Coahuila A.C. Abrir\u00e1n el Concierto el tr\u00edo de Carlos Ramos al piano, Pepe Bracho en percusiones y Leon Calandrelli en el sax.<\/p>\n\n\n\n<p>La cantautora destac\u00f3 que: \u201cLa vida es maravillosa. Sigo viva. Sigue latiendo el pulso en mis venas, sigue mi cuerpo transform\u00e1ndose, y mi mente y mi esp\u00edritu engrandeci\u00e9ndose\u2026 (Aunque a veces pienso que es al rev\u00e9s, que mi mente se transforma y mi cuerpo se engrandece\u2026)<\/p>\n\n\n\n<p>Me doy cuenta que el tiempo que tengo por delante es poco comparado con el que he vivido, y que cada nuevo d\u00eda es un d\u00eda menos en mi calendario. Y que la persona en la que me he convertido es resultado de mis experiencias, mis sue\u00f1os, mis pensamientos y acciones, mis amores y desamores, mis triunfos y mis lecciones \u2026 \u00bfD\u00f3nde quedaron esos sue\u00f1os? \u00bfQui\u00e9n era yo? \u00bfQu\u00e9 es lo que me hac\u00eda y me hace feliz?\u201d.<\/p>\n\n\n\n<p>El programa del concierto se integra de 12 canciones escritas por la propia Rossana.<\/p>\n","protected":false},"excerpt":{"rendered":"<p>La cantautora lagunera Rossana Conte presenta este martes 12 de abril el concierto&nbsp;\u00abEstoy de Vuelta\u00bb en el Teatro Isauro Mart\u00ednez, donde incluye canciones que escribi\u00f3 en los \u00faltimos 3 a\u00f1os. &hellip; <a href=\"https:\/\/lavereda.com.mx\/index.php\/2022\/04\/11\/rossana-conte-presenta-el-concierto-estoy-de-vuelta\/\" class=\"more-link\">Leer m\u00e1s<\/a><\/p>\n","protected":false},"author":1,"featured_media":3477,"comment_status":"open","ping_status":"open","sticky":false,"template":"","format":"standard","meta":{"footnotes":""},"categories":[18,4],"tags":[],"class_list":["post-3474","post","type-post","status-publish","format-standard","has-post-thumbnail","hentry","category-lomasrelevante","category-musica","entry"],"_links":{"self":[{"href":"https:\/\/lavereda.com.mx\/index.php\/wp-json\/wp\/v2\/posts\/3474","targetHints":{"allow":["GET"]}}],"collection":[{"href":"https:\/\/lavereda.com.mx\/index.php\/wp-json\/wp\/v2\/posts"}],"about":[{"href":"https:\/\/lavereda.com.mx\/index.php\/wp-json\/wp\/v2\/types\/post"}],"author":[{"embeddable":true,"href":"https:\/\/lavereda.com.mx\/index.php\/wp-json\/wp\/v2\/users\/1"}],"replies":[{"embeddable":true,"href":"https:\/\/lavereda.com.mx\/index.php\/wp-json\/wp\/v2\/comments?post=3474"}],"version-history":[{"count":3,"href":"https:\/\/lavereda.com.mx\/index.php\/wp-json\/wp\/v2\/posts\/3474\/revisions"}],"predecessor-version":[{"id":3480,"href":"https:\/\/lavereda.com.mx\/index.php\/wp-json\/wp\/v2\/posts\/3474\/revisions\/3480"}],"wp:featuredmedia":[{"embeddable":true,"href":"https:\/\/lavereda.com.mx\/index.php\/wp-json\/wp\/v2\/media\/3477"}],"wp:attachment":[{"href":"https:\/\/lavereda.com.mx\/index.php\/wp-json\/wp\/v2\/media?parent=3474"}],"wp:term":[{"taxonomy":"category","embeddable":true,"href":"https:\/\/lavereda.com.mx\/index.php\/wp-json\/wp\/v2\/categories?post=3474"},{"taxonomy":"post_tag","embeddable":true,"href":"https:\/\/lavereda.com.mx\/index.php\/wp-json\/wp\/v2\/tags?post=3474"}],"curies":[{"name":"wp","href":"https:\/\/api.w.org\/{rel}","templated":true}]}}