{"id":3471,"date":"2022-04-11T03:04:28","date_gmt":"2022-04-11T03:04:28","guid":{"rendered":"http:\/\/lavereda.com.mx\/?p=3471"},"modified":"2022-04-11T03:04:30","modified_gmt":"2022-04-11T03:04:30","slug":"el-violin","status":"publish","type":"post","link":"https:\/\/lavereda.com.mx\/index.php\/2022\/04\/11\/el-violin\/","title":{"rendered":"El Viol\u00edn"},"content":{"rendered":"\n<p><strong>El Viol\u00edn, 2005<\/strong><\/p>\n\n\n\n<p>Mubi<\/p>\n\n\n\n<p>La cinta de Francisco Vargas habla de deberes, tradici\u00f3n y sacrificio.<\/p>\n\n\n\n<p>En un pueblo rural de cualquier pa\u00eds latinoamericano, Don Plutarco es un humilde descendiente de una familia de m\u00fasicos. Con su viol\u00edn, toca aqu\u00ed y all\u00e1, mientras su nieto y otros familiares y allegados, luchan contra el gobierno opresor, que persigue a los rebeldes en la sierra.<\/p>\n\n\n\n<p>Un despiadado militar simpatiza con el viejo y le pide que cada d\u00eda le toque una melod\u00eda, lo que le permite pasar inadvertidamente en su estuche municiones y otros objetos que ayudan al movimiento a pelear contra los soldados, que torturan y asesinan en las monta\u00f1as, donde solo vale la ley del m\u00e1s fuerte y violento.<\/p>\n\n\n\n<p>Filmada en blanco y negro, con un tono natural y antiguo, la pel\u00edcula es un drama social de hombres y mujeres del campo que buscan justicia, frente a un r\u00e9gimen autoritario que busca que obedezcan a punta de bala, orill\u00e1ndolos a tomar las armas.<\/p>\n\n\n\n<p>En un casting conformado mayormente por hombres, destaca \u00c1ngel Tavira, sin antecedente actoral, en su papel de don Plutarco. Fue la \u00fanica pel\u00edcula que el octagenario hizo en su vida, pues morir\u00eda tres a\u00f1os despu\u00e9s.<\/p>\n\n\n\n<p>Conmovedora.<\/p>\n\n\n\n<p>(R. Restringido; menores de 17 deben estar acompa\u00f1ados de sus padres)<\/p>\n\n\n\n<p>@LucianoCamposG<\/p>\n","protected":false},"excerpt":{"rendered":"<p>El Viol\u00edn, 2005 Mubi La cinta de Francisco Vargas habla de deberes, tradici\u00f3n y sacrificio. En un pueblo rural de cualquier pa\u00eds latinoamericano, Don Plutarco es un humilde descendiente de &hellip; <a href=\"https:\/\/lavereda.com.mx\/index.php\/2022\/04\/11\/el-violin\/\" class=\"more-link\">Leer m\u00e1s<\/a><\/p>\n","protected":false},"author":3,"featured_media":3472,"comment_status":"open","ping_status":"open","sticky":false,"template":"","format":"standard","meta":{"footnotes":""},"categories":[6],"tags":[],"class_list":["post-3471","post","type-post","status-publish","format-standard","has-post-thumbnail","hentry","category-cinetv","entry"],"_links":{"self":[{"href":"https:\/\/lavereda.com.mx\/index.php\/wp-json\/wp\/v2\/posts\/3471","targetHints":{"allow":["GET"]}}],"collection":[{"href":"https:\/\/lavereda.com.mx\/index.php\/wp-json\/wp\/v2\/posts"}],"about":[{"href":"https:\/\/lavereda.com.mx\/index.php\/wp-json\/wp\/v2\/types\/post"}],"author":[{"embeddable":true,"href":"https:\/\/lavereda.com.mx\/index.php\/wp-json\/wp\/v2\/users\/3"}],"replies":[{"embeddable":true,"href":"https:\/\/lavereda.com.mx\/index.php\/wp-json\/wp\/v2\/comments?post=3471"}],"version-history":[{"count":1,"href":"https:\/\/lavereda.com.mx\/index.php\/wp-json\/wp\/v2\/posts\/3471\/revisions"}],"predecessor-version":[{"id":3473,"href":"https:\/\/lavereda.com.mx\/index.php\/wp-json\/wp\/v2\/posts\/3471\/revisions\/3473"}],"wp:featuredmedia":[{"embeddable":true,"href":"https:\/\/lavereda.com.mx\/index.php\/wp-json\/wp\/v2\/media\/3472"}],"wp:attachment":[{"href":"https:\/\/lavereda.com.mx\/index.php\/wp-json\/wp\/v2\/media?parent=3471"}],"wp:term":[{"taxonomy":"category","embeddable":true,"href":"https:\/\/lavereda.com.mx\/index.php\/wp-json\/wp\/v2\/categories?post=3471"},{"taxonomy":"post_tag","embeddable":true,"href":"https:\/\/lavereda.com.mx\/index.php\/wp-json\/wp\/v2\/tags?post=3471"}],"curies":[{"name":"wp","href":"https:\/\/api.w.org\/{rel}","templated":true}]}}