{"id":3466,"date":"2022-04-08T19:26:45","date_gmt":"2022-04-08T19:26:45","guid":{"rendered":"http:\/\/lavereda.com.mx\/?p=3466"},"modified":"2022-04-08T19:38:07","modified_gmt":"2022-04-08T19:38:07","slug":"presentan-cartelera-cultural-en-fin-de-semana-y-vacaciones","status":"publish","type":"post","link":"https:\/\/lavereda.com.mx\/index.php\/2022\/04\/08\/presentan-cartelera-cultural-en-fin-de-semana-y-vacaciones\/","title":{"rendered":"Presentan cartelera cultural en fin de semana y vacaciones"},"content":{"rendered":"\n<p>Con una nutrida agenda de actividades dirigida a todos los p\u00fablicos, el Instituto Municipal de Cultura y Educaci\u00f3n (IMCE) anunci\u00f3 en rueda de prensa la programaci\u00f3n del mes de abril, as\u00ed como las opciones de esparcimiento en la pr\u00f3xima temporada de vacaciones.<\/p>\n\n\n\n<p>El director general Antonio M\u00e9ndez Vigat\u00e1 inform\u00f3 que la agenda del mes incluye actividades en bibliotecas, museos, la galer\u00eda del IMCE, presentaciones teatrales, danza y en especial programaci\u00f3n para celebrar el mes de la ni\u00f1ez.&nbsp;<\/p>\n\n\n\n<p>En este sentido, se anunci\u00f3 el concierto \u201cPedro y el Lobo\u201d de Camerata de Coahuila, el viernes 8 de abril en el Teatro Nazas a las 20:00 horas, bajo la direcci\u00f3n de Ram\u00f3n Shade y la participaci\u00f3n de Alejandra Flores en la narraci\u00f3n.<\/p>\n\n\n\n<p>Asimismo, el fin de semana previo a la Semana Santa se ofrecen actividades como la repetici\u00f3n del concierto de la Orquesta Sinf\u00f3nica Juvenil de Torre\u00f3n \u201cRule Britania\u201d, este domingo 10 de abril a las 13:00 horas en el Teatro Isauro Mart\u00ednez y la presentaci\u00f3n de la Banda Municipal, ese mismo d\u00eda en el Paseo Col\u00f3n a las 11:30 horas.<\/p>\n\n\n\n<p>Durante la Semana Santa y de Pascua los museos municipales: Casa del Cerro, Museo del Ferrocarril, Canal de la Perla y Museo de la Moneda, abrir\u00e1n en su horario habitual de 10:00 a 16:30 horas (excepto los d\u00edas santos: de 10:00 a 14:30). Asimismo continuar\u00e1n las actividades culturales los domingos en el Paseo Col\u00f3n, de 8:00 a 13:00 horas.<\/p>\n\n\n\n<p>La rueda de prensa cont\u00f3 con la participaci\u00f3n de las y los coordinadores de las distintas \u00e1reas del instituto: Rafael Sant\u00edn, Coordinador Administrativo; Juan No\u00e9 Fern\u00e1ndez, Coordinador de Planeaci\u00f3n, \u00c1ngel Reyna, Coordinador de Centros Culturales; Patricia G. Santiago, Coordinadora de Artes Visuales, Mar\u00eda Fernanda Fern\u00e1ndez, Coordinadora de Museos, Ana Karem Botello, Coordinadora Cultural del Centro Hist\u00f3rico; Nadia Contreras, Coordinadora de Literatura; Alejandra Flores, Coordinadora de Artes Esc\u00e9nicas, Jaime Hinojosa, director de la Escuela Municipal de Danza de Torre\u00f3n; y Benjam\u00edn Mijares, director de Radio Torre\u00f3n.<\/p>\n","protected":false},"excerpt":{"rendered":"<p>Con una nutrida agenda de actividades dirigida a todos los p\u00fablicos, el Instituto Municipal de Cultura y Educaci\u00f3n (IMCE) anunci\u00f3 en rueda de prensa la programaci\u00f3n del mes de abril, &hellip; <a href=\"https:\/\/lavereda.com.mx\/index.php\/2022\/04\/08\/presentan-cartelera-cultural-en-fin-de-semana-y-vacaciones\/\" class=\"more-link\">Leer m\u00e1s<\/a><\/p>\n","protected":false},"author":1,"featured_media":3467,"comment_status":"open","ping_status":"open","sticky":false,"template":"","format":"standard","meta":{"footnotes":""},"categories":[2,18],"tags":[],"class_list":["post-3466","post","type-post","status-publish","format-standard","has-post-thumbnail","hentry","category-artes-escenicas","category-lomasrelevante","entry"],"_links":{"self":[{"href":"https:\/\/lavereda.com.mx\/index.php\/wp-json\/wp\/v2\/posts\/3466","targetHints":{"allow":["GET"]}}],"collection":[{"href":"https:\/\/lavereda.com.mx\/index.php\/wp-json\/wp\/v2\/posts"}],"about":[{"href":"https:\/\/lavereda.com.mx\/index.php\/wp-json\/wp\/v2\/types\/post"}],"author":[{"embeddable":true,"href":"https:\/\/lavereda.com.mx\/index.php\/wp-json\/wp\/v2\/users\/1"}],"replies":[{"embeddable":true,"href":"https:\/\/lavereda.com.mx\/index.php\/wp-json\/wp\/v2\/comments?post=3466"}],"version-history":[{"count":2,"href":"https:\/\/lavereda.com.mx\/index.php\/wp-json\/wp\/v2\/posts\/3466\/revisions"}],"predecessor-version":[{"id":3470,"href":"https:\/\/lavereda.com.mx\/index.php\/wp-json\/wp\/v2\/posts\/3466\/revisions\/3470"}],"wp:featuredmedia":[{"embeddable":true,"href":"https:\/\/lavereda.com.mx\/index.php\/wp-json\/wp\/v2\/media\/3467"}],"wp:attachment":[{"href":"https:\/\/lavereda.com.mx\/index.php\/wp-json\/wp\/v2\/media?parent=3466"}],"wp:term":[{"taxonomy":"category","embeddable":true,"href":"https:\/\/lavereda.com.mx\/index.php\/wp-json\/wp\/v2\/categories?post=3466"},{"taxonomy":"post_tag","embeddable":true,"href":"https:\/\/lavereda.com.mx\/index.php\/wp-json\/wp\/v2\/tags?post=3466"}],"curies":[{"name":"wp","href":"https:\/\/api.w.org\/{rel}","templated":true}]}}