{"id":344,"date":"2020-08-15T23:06:56","date_gmt":"2020-08-15T23:06:56","guid":{"rendered":"https:\/\/web.lavereda.com.mx\/?p=344"},"modified":"2020-08-15T23:06:56","modified_gmt":"2020-08-15T23:06:56","slug":"en-coahuila-madres-pueden-cambiar-el-orden-de-los-apellidos","status":"publish","type":"post","link":"https:\/\/lavereda.com.mx\/index.php\/2020\/08\/15\/en-coahuila-madres-pueden-cambiar-el-orden-de-los-apellidos\/","title":{"rendered":"En Coahuila madres pueden cambiar el orden de los apellidos"},"content":{"rendered":"\n<p>Desde la creaci\u00f3n de la Ley de la Familia del Estado en el 2015, se han registrado a la fecha 67 casos de personas que han decidido ejercer su derecho a invertir el orden de los apellidos, inform\u00f3 la Direcci\u00f3n de Registro Civil.<\/p>\n\n\n\n<hr class=\"wp-block-separator\" id=\"system-readmore\"\/>\n\n\n\n<p>Anteriormente, seg\u00fan la Ley y la tradici\u00f3n en M\u00e9xico, primero se deb\u00edan registrar el apellido del padre y luego el de la madre. Sin embargo, esta reforma permite utilizar cualquier apellido que lleven los padres en el orden de su preferencia, garantizando as\u00ed el derecho a la equidad de g\u00e9nero e igualdad.<\/p>\n\n\n\n<p>La Directora del Registro Civil en el Estado, Dora Alicia de la Garza Villanueva, mencion\u00f3 que muchas cosas han cambiado en la sociedad mexicana no s\u00f3lo en materia de derechos civiles, sino en equidad de g\u00e9nero, siendo la Ley de la Familia del Estado la que consagra en su Art\u00edculo 20 el permitir invertir el orden de los apellidos.<\/p>\n\n\n\n<p>De acuerdo a las cifras registradas desde 2015 a la fecha, que lleva vigente la reforma, ya se han dado 64 casos donde el primer apellido de la mam\u00e1 es antepuesto al del padre, decidiendo invertir el orden de los apellidos al registrar a un hijo.<\/p>\n\n\n\n<p>Asimismo, inform\u00f3 De la Garza Villanueva, que cuando alguien solicita registrar a su hijo con cambio en el orden de apellidos, se le pide que firmen una responsiva.<\/p>\n\n\n\n<p>Precis\u00f3 que la decisi\u00f3n se deber\u00e1 tomar desde el primog\u00e9nito con cambio en el orden de apellidos, y todos los hermanos deben llevarlos igual, de lo contrario se rompe la relaci\u00f3n filial.<\/p>\n\n\n\n<p>En Coahuila, los apellidos dejaron de ser un elemento de discriminaci\u00f3n para las madres, pues son iguales ante la Ley, donde prevalece la equidad de g\u00e9nero.<\/p>\n\n\n\n<p>&nbsp;As\u00ed, los apellidos del padre dejan de ser los preferenciales y se deber\u00e1 llegar a un acuerdo en el orden de los mismos.<\/p>\n","protected":false},"excerpt":{"rendered":"<p>Desde la creaci\u00f3n de la Ley de la Familia del Estado en el 2015, se han registrado a la fecha 67 casos de personas que han decidido ejercer su derecho a invertir el orden de los apellidos, inform\u00f3 la Direcci\u00f3n de Registro Civil.<\/p>\n","protected":false},"author":1,"featured_media":345,"comment_status":"open","ping_status":"open","sticky":false,"template":"","format":"standard","meta":{"footnotes":""},"categories":[12],"tags":[],"class_list":["post-344","post","type-post","status-publish","format-standard","has-post-thumbnail","hentry","category-equidad","entry"],"_links":{"self":[{"href":"https:\/\/lavereda.com.mx\/index.php\/wp-json\/wp\/v2\/posts\/344","targetHints":{"allow":["GET"]}}],"collection":[{"href":"https:\/\/lavereda.com.mx\/index.php\/wp-json\/wp\/v2\/posts"}],"about":[{"href":"https:\/\/lavereda.com.mx\/index.php\/wp-json\/wp\/v2\/types\/post"}],"author":[{"embeddable":true,"href":"https:\/\/lavereda.com.mx\/index.php\/wp-json\/wp\/v2\/users\/1"}],"replies":[{"embeddable":true,"href":"https:\/\/lavereda.com.mx\/index.php\/wp-json\/wp\/v2\/comments?post=344"}],"version-history":[{"count":1,"href":"https:\/\/lavereda.com.mx\/index.php\/wp-json\/wp\/v2\/posts\/344\/revisions"}],"predecessor-version":[{"id":348,"href":"https:\/\/lavereda.com.mx\/index.php\/wp-json\/wp\/v2\/posts\/344\/revisions\/348"}],"wp:featuredmedia":[{"embeddable":true,"href":"https:\/\/lavereda.com.mx\/index.php\/wp-json\/wp\/v2\/media\/345"}],"wp:attachment":[{"href":"https:\/\/lavereda.com.mx\/index.php\/wp-json\/wp\/v2\/media?parent=344"}],"wp:term":[{"taxonomy":"category","embeddable":true,"href":"https:\/\/lavereda.com.mx\/index.php\/wp-json\/wp\/v2\/categories?post=344"},{"taxonomy":"post_tag","embeddable":true,"href":"https:\/\/lavereda.com.mx\/index.php\/wp-json\/wp\/v2\/tags?post=344"}],"curies":[{"name":"wp","href":"https:\/\/api.w.org\/{rel}","templated":true}]}}