{"id":3427,"date":"2022-04-01T15:43:51","date_gmt":"2022-04-01T15:43:51","guid":{"rendered":"http:\/\/lavereda.com.mx\/?p=3427"},"modified":"2022-04-01T18:34:25","modified_gmt":"2022-04-01T18:34:25","slug":"anuncian-el-concurso-nacional-de-ensayo-magdalena-mondragon","status":"publish","type":"post","link":"https:\/\/lavereda.com.mx\/index.php\/2022\/04\/01\/anuncian-el-concurso-nacional-de-ensayo-magdalena-mondragon\/","title":{"rendered":"Anuncian el Concurso Nacional de Ensayo Magdalena Mondrag\u00f3n"},"content":{"rendered":"\n<ul class=\"wp-block-list\"><li><em>El premio \u00fanico es de $30 mil pesos <\/em><\/li><\/ul>\n\n\n\n<p>La edici\u00f3n n\u00famero 32 del Concurso Nacional de Ensayo \u201cMagdalena Mondrag\u00f3n\u201d, fue anunciada esta ma\u00f1ana por la Universidad Aut\u00f3noma de Coahuila Unidad Torre\u00f3n, la Comunidad de Instituciones de Educaci\u00f3n Superior de la Laguna (CIESLag), la C\u00e1mara Nacional de la Industria de la Transformaci\u00f3n delegaci\u00f3n Torre\u00f3n, y la Plaza Cuatro Caminos.<\/p>\n\n\n\n<p>El certamen, que fue suspendido los dos \u00faltimos a\u00f1os por motivos de la pandemia, entregar\u00e1 30 mil pesos al ganador(a), y por vez primera podr\u00e1n participar personas ajenas la calidad de estudiante universitario, con lo cual se abre a toda la comunidad del pa\u00eds interesada en el g\u00e9nero ensayo a fin de que exploren su creatividad.<\/p>\n\n\n\n<p>El tema es libre, y debe enviarse- por correo a:&nbsp;<a href=\"mailto:concursommondragon@uadec.edu.mx\">concursommondragon@uadec.edu.mx<\/a>,&nbsp;el \u00faltimo d\u00eda para su registro es las 23:59 horas del d\u00eda 31 de julio pr\u00f3ximo. La ceremonia de premiaci\u00f3n ser\u00e1 en octubre, y queda por fijarse la fecha de parte del Departamento de Difusi\u00f3n Cultural de la UAdeC Unidad Torre\u00f3n.<\/p>\n\n\n\n<p>La convocatoria completa podr\u00e1 ser consultada en las redes sociales del Departamento de Difusi\u00f3n Cultural (DDC).<\/p>\n\n\n\n<p>En la rueda de prensa, celebrada en el auditorio El\u00edas Murra de Plaza Cuatro Caminos, la secretaria general de la Coordinaci\u00f3n, Brenda \u00c1lvarez, dijo que la UAdeC fortalece la creatividad cultural de estudiantes de todo el pa\u00eds con esta convocatoria, y que es un incentivo importante tras el periodo de crisis sanitaria que golpe\u00f3 la econom\u00eda, la salud y el estado emocional.<\/p>\n\n\n\n<p>Gabriela Nava, de la plaza comercial y promotora cultural, dijo que la empresa se ha hecho una sola con la comunidad y m\u00e1s con instituciones educativas. Resalt\u00f3 la obra de mujeres como Enriqueta Ochoa y de Magdalena Mondrag\u00f3n, en la poes\u00eda, el periodismo, el teatro, como referentes y por cuyo trabajo se han establecido cert\u00e1menes con sus nombres, a manera de homenaje.<\/p>\n\n\n\n<p>Indalecio Medina, presidente de la CIESLag, destac\u00f3 que el certamen es un espacio propicio para la expresi\u00f3n art\u00edstica, el conocimiento y el talento de la poblaci\u00f3n universitaria y la gente en general. \u201cSe establece un v\u00ednculo grande con todos\u201d, se\u00f1al\u00f3.<\/p>\n\n\n\n<blockquote class=\"wp-block-quote is-layout-flow wp-block-quote-is-layout-flow\"><p>Arcelia Ayup, jefa del DDC, rescat\u00f3 que el \u201cMagdalena Mondrag\u00f3n\u201d ha sido un semillero de plumas literarias y ensay\u00edsticas, citando a Pablo Arredondo (poeta) y Francisco Ampar\u00e1n (escritor finado), y dijo que el jurado estar\u00e1 integrado por tres especialistas que habr\u00e1n de dar su dictamen final, y que solo ser\u00e1 comunicado al ganador o ganadora de esos 30 mil pesos del premio.<\/p><\/blockquote>\n\n\n\n<p>Hizo un recuento breve de la historia de la recordada Magdalena Mondrag\u00f3n, subrayando que la vida y trayectoria de la homenajeada con este concurso no tiene par, y que es tiempo de que reconocer su verdadera dimensi\u00f3n.<\/p>\n\n\n\n<p>Por su lado, el representante de la Canacintra Torre\u00f3n, Alejandro Guti\u00e9rrez, manifest\u00f3 que el sector industrial tiene firmado un convenio de colaboraci\u00f3n con la UAdeC, y que es la cultura uno de sus motivos de inter\u00e9s, felicitando a la universidad por esta convocatoria.<\/p>\n","protected":false},"excerpt":{"rendered":"<p>El premio \u00fanico es de $30 mil pesos La edici\u00f3n n\u00famero 32 del Concurso Nacional de Ensayo \u201cMagdalena Mondrag\u00f3n\u201d, fue anunciada esta ma\u00f1ana por la Universidad Aut\u00f3noma de Coahuila Unidad &hellip; <a href=\"https:\/\/lavereda.com.mx\/index.php\/2022\/04\/01\/anuncian-el-concurso-nacional-de-ensayo-magdalena-mondragon\/\" class=\"more-link\">Leer m\u00e1s<\/a><\/p>\n","protected":false},"author":1,"featured_media":3428,"comment_status":"open","ping_status":"open","sticky":false,"template":"","format":"standard","meta":{"footnotes":""},"categories":[5,18],"tags":[],"class_list":["post-3427","post","type-post","status-publish","format-standard","has-post-thumbnail","hentry","category-letras-y-libros","category-lomasrelevante","entry"],"_links":{"self":[{"href":"https:\/\/lavereda.com.mx\/index.php\/wp-json\/wp\/v2\/posts\/3427","targetHints":{"allow":["GET"]}}],"collection":[{"href":"https:\/\/lavereda.com.mx\/index.php\/wp-json\/wp\/v2\/posts"}],"about":[{"href":"https:\/\/lavereda.com.mx\/index.php\/wp-json\/wp\/v2\/types\/post"}],"author":[{"embeddable":true,"href":"https:\/\/lavereda.com.mx\/index.php\/wp-json\/wp\/v2\/users\/1"}],"replies":[{"embeddable":true,"href":"https:\/\/lavereda.com.mx\/index.php\/wp-json\/wp\/v2\/comments?post=3427"}],"version-history":[{"count":2,"href":"https:\/\/lavereda.com.mx\/index.php\/wp-json\/wp\/v2\/posts\/3427\/revisions"}],"predecessor-version":[{"id":3431,"href":"https:\/\/lavereda.com.mx\/index.php\/wp-json\/wp\/v2\/posts\/3427\/revisions\/3431"}],"wp:featuredmedia":[{"embeddable":true,"href":"https:\/\/lavereda.com.mx\/index.php\/wp-json\/wp\/v2\/media\/3428"}],"wp:attachment":[{"href":"https:\/\/lavereda.com.mx\/index.php\/wp-json\/wp\/v2\/media?parent=3427"}],"wp:term":[{"taxonomy":"category","embeddable":true,"href":"https:\/\/lavereda.com.mx\/index.php\/wp-json\/wp\/v2\/categories?post=3427"},{"taxonomy":"post_tag","embeddable":true,"href":"https:\/\/lavereda.com.mx\/index.php\/wp-json\/wp\/v2\/tags?post=3427"}],"curies":[{"name":"wp","href":"https:\/\/api.w.org\/{rel}","templated":true}]}}