{"id":3418,"date":"2022-03-31T21:34:07","date_gmt":"2022-03-31T21:34:07","guid":{"rendered":"http:\/\/lavereda.com.mx\/?p=3418"},"modified":"2022-04-01T02:15:36","modified_gmt":"2022-04-01T02:15:36","slug":"camerata-de-coahuila-da-la-bienvenida-a-la-primavera","status":"publish","type":"post","link":"https:\/\/lavereda.com.mx\/index.php\/2022\/03\/31\/camerata-de-coahuila-da-la-bienvenida-a-la-primavera\/","title":{"rendered":"Camerata de Coahuila da la bienvenida a la primavera"},"content":{"rendered":"\n<p>Con la presentaci\u00f3n de la Sinfon\u00eda \u201cPrimavera\u201d\u00a0de Robert Schumann, Camerata de Coahuila, ofrecer\u00e1 su s\u00e9ptimo concierto de la temporada Primavera- Verano, bajo la direcci\u00f3n del maestro Ethan Eager. El talento de los m\u00fasicos se manifestar\u00e1 adem\u00e1s en la interpretaci\u00f3n de las obras musicales Fr\u00fchlingsstimmen  (Voces de Primavera) de Johann Strauss Jr. y Suite Pastoral de Emmanuel Chabrier.<\/p>\n\n\n\n<p>La cita es este viernes el viernes 1 de abril a las 20:30 horas y domingo 3 de abril a las 12:00 horas, en el Teatro Isauro Mart\u00ednez.<\/p>\n\n\n\n<p>\u00bfQu\u00e9 se sabe de estas obras musicales?<\/p>\n\n\n\n<p><strong>Sinfon\u00eda No 1 en si bemol&nbsp;<\/strong><strong>mayor\u201d&nbsp;<\/strong><strong>Op.38 (Primavera)<\/strong><\/p>\n\n\n\n<p>El t\u00edtulo de la&nbsp;<strong>\u201c<\/strong>Sinfon\u00eda No 1 en si bemol&nbsp;mayor\u201d&nbsp;Op.38 (Primavera) refiere a un poema de Adolph B\u00f6ttger, en el cual se inspir\u00f3 Robert Schuman. Esta obra fue estrenada un 31 de marzo de 1841 por la orquesta de la Gewandhaus de Leipzig. Robert Schumann es un reconocido compositor y cr\u00edtico de la m\u00fasica en la \u00e9poca del Romanticismo, de origen alem\u00e1n, considerado como uno de los m\u00e1s grandes paradigmas del Romanticismo.<\/p>\n\n\n\n<p><strong>Fr\u00fchlingsstimmen, Op.410<\/strong><\/p>\n\n\n\n<p>Es un vals para orquesta y voz de soprano solista que Johann Strauss (hijo) compuso en 1882. La obra est\u00e1 dedicada al pianista y compositor Alfred Gr\u00fcnfeld. El vals no tuvo demasiado \u00e9xito en<\/p>\n\n\n\n<p>su estreno, pero ser\u00eda interpretado por Strauss durante su gira por Rusia cuatro a\u00f1os m\u00e1s tarde, a<\/p>\n\n\n\n<p>partir de la cual se produjo su reconocimiento definitivo.<\/p>\n\n\n\n<p><strong>Suite Pastoral<\/strong><\/p>\n\n\n\n<p>La suite pastorale es una composici\u00f3n orquestal del m\u00fasico franc\u00e9s Emmanuel Chabrier, escrita en 1888 y fue interpretada, al mismo tiempo que Joyeuse Marche por primera vez el 4 de noviembre de 1888, por la Associazione artistique d \u00bb Angers, dirigida por el propio Chabrier.<\/p>\n\n\n\n<p>La entrega de boletos se realiza el  jueves 31 de marzo en las taquillas del Teatro Isauro Mart\u00ednez a partir de las 10:00 a.m. y hasta las 11:30 a.m. Posteriormente, se continuar\u00e1 en las oficinas de la Camerata, ubicadas en Av. Matamoros #120 poniente, interior 101, colonia Centro en un horario de 9:00 a.m. a 4 p.m.<\/p>\n","protected":false},"excerpt":{"rendered":"<p>Con la presentaci\u00f3n de la Sinfon\u00eda \u201cPrimavera\u201d\u00a0de Robert Schumann, Camerata de Coahuila, ofrecer\u00e1 su s\u00e9ptimo concierto de la temporada Primavera- Verano, bajo la direcci\u00f3n del maestro Ethan Eager. El talento &hellip; <a href=\"https:\/\/lavereda.com.mx\/index.php\/2022\/03\/31\/camerata-de-coahuila-da-la-bienvenida-a-la-primavera\/\" class=\"more-link\">Leer m\u00e1s<\/a><\/p>\n","protected":false},"author":1,"featured_media":3419,"comment_status":"open","ping_status":"open","sticky":false,"template":"","format":"standard","meta":{"footnotes":""},"categories":[18,4],"tags":[],"class_list":["post-3418","post","type-post","status-publish","format-standard","has-post-thumbnail","hentry","category-lomasrelevante","category-musica","entry"],"_links":{"self":[{"href":"https:\/\/lavereda.com.mx\/index.php\/wp-json\/wp\/v2\/posts\/3418","targetHints":{"allow":["GET"]}}],"collection":[{"href":"https:\/\/lavereda.com.mx\/index.php\/wp-json\/wp\/v2\/posts"}],"about":[{"href":"https:\/\/lavereda.com.mx\/index.php\/wp-json\/wp\/v2\/types\/post"}],"author":[{"embeddable":true,"href":"https:\/\/lavereda.com.mx\/index.php\/wp-json\/wp\/v2\/users\/1"}],"replies":[{"embeddable":true,"href":"https:\/\/lavereda.com.mx\/index.php\/wp-json\/wp\/v2\/comments?post=3418"}],"version-history":[{"count":2,"href":"https:\/\/lavereda.com.mx\/index.php\/wp-json\/wp\/v2\/posts\/3418\/revisions"}],"predecessor-version":[{"id":3421,"href":"https:\/\/lavereda.com.mx\/index.php\/wp-json\/wp\/v2\/posts\/3418\/revisions\/3421"}],"wp:featuredmedia":[{"embeddable":true,"href":"https:\/\/lavereda.com.mx\/index.php\/wp-json\/wp\/v2\/media\/3419"}],"wp:attachment":[{"href":"https:\/\/lavereda.com.mx\/index.php\/wp-json\/wp\/v2\/media?parent=3418"}],"wp:term":[{"taxonomy":"category","embeddable":true,"href":"https:\/\/lavereda.com.mx\/index.php\/wp-json\/wp\/v2\/categories?post=3418"},{"taxonomy":"post_tag","embeddable":true,"href":"https:\/\/lavereda.com.mx\/index.php\/wp-json\/wp\/v2\/tags?post=3418"}],"curies":[{"name":"wp","href":"https:\/\/api.w.org\/{rel}","templated":true}]}}