{"id":3415,"date":"2022-03-30T23:57:10","date_gmt":"2022-03-30T23:57:10","guid":{"rendered":"http:\/\/lavereda.com.mx\/?p=3415"},"modified":"2022-03-30T23:57:12","modified_gmt":"2022-03-30T23:57:12","slug":"mezquite-presenta-funcion-de-danza-si-no-vienes-nosotros-vamos","status":"publish","type":"post","link":"https:\/\/lavereda.com.mx\/index.php\/2022\/03\/30\/mezquite-presenta-funcion-de-danza-si-no-vienes-nosotros-vamos\/","title":{"rendered":"Mezquite presenta funci\u00f3n de danza \u00abSi no vienes, nosotros vamos\u00bb"},"content":{"rendered":"\n<p>La Compa\u00f1\u00eda Mezquite Danza Contempor\u00e1nea y la Escuela Municipal de Danza de Torre\u00f3n -que forma parte de la estructura del Instituto Municipal de Cultura y Educaci\u00f3n-, inician ma\u00f1ana, en la Preparatoria Venustiano Carranza a las 10:00 horas, la primera presentaci\u00f3n de una temporada de funciones de car\u00e1cter did\u00e1ctico, de promoci\u00f3n y difusi\u00f3n, con el objetivo de acercar esta disciplina a p\u00fablicos adolescentes.&nbsp;<\/p>\n\n\n\n<p><strong><em>\u201cSi no vienes\u2026 nosotros vamos\u201d,<\/em><\/strong>\u00a0es el nombre del programa que se bailar\u00e1, tambi\u00e9n, en otras preparatorias y secundarias, lo estructuran: Una corta clase de T\u00e9cnica formativa de danza contempor\u00e1nea en la cual se compara el cuerpo de un bailar\u00edn -su instrumento de trabajo-, con el desempe\u00f1o de un auto: ambos deben de estar, para su m\u00e1xima expresi\u00f3n alineados, rotados y en un punto de alineaci\u00f3n casi perfecto.\u00a0<\/p>\n\n\n\n<p>Se bailan dos peque\u00f1as coreograf\u00edas que demuestran que la danza requiere para su expresi\u00f3n sensible y est\u00e9tica, bailarines con las cualidades mencionadas arriba m\u00e1s, la claridad de la idea, reflexi\u00f3n o sentimiento que el core\u00f3grafo desee expresar.<\/p>\n\n\n\n<p>Para terminar, se ofrece un conversatorio entre bailarines y educandos con la posibilidad de participar en algunas secuencias de movimiento.<\/p>\n\n\n\n<p>Con esta temporada did\u00e1ctica, Mezquite DC camina Rumbo a los 25 a\u00f1os y, la ESDACONT, a promover la Licenciatura para la formaci\u00f3n de bailarines profesionales con invitaci\u00f3n al examen de admisi\u00f3n que se realizar\u00e1 la \u00faltima semana de mayo en sus instalaciones: Zaragoza 40, en el centro.<\/p>\n\n\n\n<p>As\u00ed mismo se inician los festejos que celebran durante el mes de abril, el d\u00eda Internacional de la danza.<\/p>\n","protected":false},"excerpt":{"rendered":"<p>La Compa\u00f1\u00eda Mezquite Danza Contempor\u00e1nea y la Escuela Municipal de Danza de Torre\u00f3n -que forma parte de la estructura del Instituto Municipal de Cultura y Educaci\u00f3n-, inician ma\u00f1ana, en la &hellip; <a href=\"https:\/\/lavereda.com.mx\/index.php\/2022\/03\/30\/mezquite-presenta-funcion-de-danza-si-no-vienes-nosotros-vamos\/\" class=\"more-link\">Leer m\u00e1s<\/a><\/p>\n","protected":false},"author":1,"featured_media":3416,"comment_status":"open","ping_status":"open","sticky":false,"template":"","format":"standard","meta":{"footnotes":""},"categories":[2,18],"tags":[],"class_list":["post-3415","post","type-post","status-publish","format-standard","has-post-thumbnail","hentry","category-artes-escenicas","category-lomasrelevante","entry"],"_links":{"self":[{"href":"https:\/\/lavereda.com.mx\/index.php\/wp-json\/wp\/v2\/posts\/3415","targetHints":{"allow":["GET"]}}],"collection":[{"href":"https:\/\/lavereda.com.mx\/index.php\/wp-json\/wp\/v2\/posts"}],"about":[{"href":"https:\/\/lavereda.com.mx\/index.php\/wp-json\/wp\/v2\/types\/post"}],"author":[{"embeddable":true,"href":"https:\/\/lavereda.com.mx\/index.php\/wp-json\/wp\/v2\/users\/1"}],"replies":[{"embeddable":true,"href":"https:\/\/lavereda.com.mx\/index.php\/wp-json\/wp\/v2\/comments?post=3415"}],"version-history":[{"count":1,"href":"https:\/\/lavereda.com.mx\/index.php\/wp-json\/wp\/v2\/posts\/3415\/revisions"}],"predecessor-version":[{"id":3417,"href":"https:\/\/lavereda.com.mx\/index.php\/wp-json\/wp\/v2\/posts\/3415\/revisions\/3417"}],"wp:featuredmedia":[{"embeddable":true,"href":"https:\/\/lavereda.com.mx\/index.php\/wp-json\/wp\/v2\/media\/3416"}],"wp:attachment":[{"href":"https:\/\/lavereda.com.mx\/index.php\/wp-json\/wp\/v2\/media?parent=3415"}],"wp:term":[{"taxonomy":"category","embeddable":true,"href":"https:\/\/lavereda.com.mx\/index.php\/wp-json\/wp\/v2\/categories?post=3415"},{"taxonomy":"post_tag","embeddable":true,"href":"https:\/\/lavereda.com.mx\/index.php\/wp-json\/wp\/v2\/tags?post=3415"}],"curies":[{"name":"wp","href":"https:\/\/api.w.org\/{rel}","templated":true}]}}