{"id":3411,"date":"2022-03-30T23:44:53","date_gmt":"2022-03-30T23:44:53","guid":{"rendered":"http:\/\/lavereda.com.mx\/?p=3411"},"modified":"2022-03-30T23:44:55","modified_gmt":"2022-03-30T23:44:55","slug":"muere-dolores-castro-poeta-de-gran-trayectoria-y-apasionada-de-la-literatura","status":"publish","type":"post","link":"https:\/\/lavereda.com.mx\/index.php\/2022\/03\/30\/muere-dolores-castro-poeta-de-gran-trayectoria-y-apasionada-de-la-literatura\/","title":{"rendered":"Muere Dolores Castro, poeta de gran trayectoria y apasionada de la literatura"},"content":{"rendered":"\n<ul class=\"wp-block-list\"><li><strong>Obtuvo los premios Nacional de Ciencias y Artes en el \u00e1rea de Ling\u00fc\u00edstica y Literatura 2014 y la Medalla\u00a0Jos\u00e9 Emilio Pacheco\u00a02016, entre otros reconocimientos<\/strong><\/li><li><strong>La Secretar\u00eda de Cultura y el INBAL realizar\u00e1n un homenaje nacional el 7 de mayo en la Sala Principal del Palacio de Bellas Artes<\/strong><\/li><\/ul>\n\n\n\n<p>La Secretar\u00eda de Cultura federal y el Instituto Nacional de Bellas Artes y Literatura (Inbal) lamentan el deceso de Dolores Castro Varela, poeta de gran trayectoria y apasionada de la literatura, quien dedic\u00f3 su vida a legar una vasta obra.<\/p>\n\n\n\n<p>Autora de&nbsp;<em>El coraz\u00f3n transfigurado<\/em>&nbsp;(1949),&nbsp;<em>Siete poemas<\/em>&nbsp;(1952) y&nbsp;<em>Dimensi\u00f3n de la lengua en su funci\u00f3n creativa, emotiva y esencial<\/em>&nbsp;(1982)<em>,&nbsp;<\/em>entre otros, recibir\u00e1, en acuerdo con su familia, un respetuoso&nbsp;homenaje nacional, el cual se llevar\u00e1 a cabo&nbsp;en la Sala Principal del Palacio de Bellas Artes el s\u00e1bado 7 de mayo a las 19:00 horas.<\/p>\n\n\n\n<p>Dolores Castro Varela hereda un amplio legado a la literatura, adem\u00e1s de ser docente y fundadora de Radio Universidad Nacional Aut\u00f3noma de M\u00e9xico (UNAM).&nbsp;Fue reconocida con diversos premios: el Nacional de Ciencias y Artes en el \u00e1rea de Ling\u00fc\u00edstica y Literatura 2014 y la Medalla&nbsp;Jos\u00e9 Emilio Pacheco2016 por trayectoria, adem\u00e1s de obtener Premio Iberoamericano de Poes\u00eda Ram\u00f3n L\u00f3pez Velarde 2013.<\/p>\n\n\n\n<p>La secretaria de Cultura, Alejandra Frausto Guerrero, lament\u00f3 la partida de una de las grandes poetas mexicanas: \u201cProfunda tristeza por la muerte de Dolores Castro, mujer de letras y poes\u00eda que ense\u00f1\u00f3 a varias generaciones que la cultura transforma. Le duele al aire su ausencia\u201d. Asimismo, envi\u00f3 condolencias a su familia y a la comunidad literaria.<\/p>\n\n\n\n<p>En tanto, la directora general del Inbal, Lucina Jim\u00e9nez L\u00f3pez, refiri\u00f3 que \u201cse ha ido una gran poeta, narradora, editora, mujer de radio y de palabras, quien supo formar a muchas otras generaciones con una gran generosidad y a partir de una mirada muy adelantada de su tiempo. Como mujer reconocida, ganadora de m\u00faltiples premios nacionales de poes\u00eda y&nbsp;Premio Nacional de Ciencias y Artes en Literatura y Ling\u00fc\u00edstica 2014, y maestra universitaria deja viva una gran obra y los afectos de sus disc\u00edpulos. Un abrazo a su amorosa familia con quien se ha convenido este homenaje nacional\u201d.&nbsp;<\/p>\n\n\n\n<p><strong>Sus letras vitales<\/strong><strong><\/strong><\/p>\n\n\n\n<p>Dolores Castro tambi\u00e9n es autora de los poemarios y antolog\u00edas&nbsp;<em>\u00bfQu\u00e9 es lo vivido?<\/em>&nbsp;(1980),&nbsp;<em>Las palabras<\/em>&nbsp;(1990),&nbsp;<em>Poemas in\u00e9ditos<\/em>&nbsp;(1990) y&nbsp;<em>No es el amor el vuelo<\/em>&nbsp;(1995) y autora de la novela&nbsp;<em>La ciudad y el viento<\/em>&nbsp;(1962).<\/p>\n\n\n\n<p>La escritora se forj\u00f3 al lado de reconocidos artistas e intelectuales: Rosario Castellanos,&nbsp;Jaime Sabines, Luis Villoro, Sergio Galindo, Emilio Carballido, Luisa Josefina Hern\u00e1ndez y Griselda \u00c1lvarez, con quienes comparti\u00f3 su gusto por la escritura en su diversidad de g\u00e9neros.<\/p>\n\n\n\n<p>Considerada una de las principales poetas de su generaci\u00f3n, Dolores Castro Varela fue&nbsp;integrante del grupo Ocho poetas mexicanos, compartiendo experiencia con Alejandro Avil\u00e9s, Roberto Cabral del Hoyo, Javier Pe\u00f1alosa, Honorato Magaloni Duarte, Efr\u00e9n Hern\u00e1ndez, Octavio Novaro y Rosario Castellanos. El grupo recibi\u00f3 ese nombre por la antolog\u00eda que reuni\u00f3 su obra, publicada por Alfonso M\u00e9ndez Plancarte.<\/p>\n\n\n\n<p>Poeta, narradora, ensayista y cr\u00edtica literaria, Dolores Castro naci\u00f3 en Aguascalientes el 12 de abril de 1923 y luego su familia se mud\u00f3 a Zacatecas. Posteriormente, en la Ciudad de M\u00e9xico&nbsp;estudi\u00f3 la carrera de Derecho en la UNAM y, m\u00e1s tarde, ingres\u00f3 a la Facultad de Filosof\u00eda y Letras para cursar&nbsp;la maestr\u00eda en Letras modernas. Ah\u00ed conoci\u00f3 a Augusto Monterroso, Carlos Illescas, Otto-Ra\u00fal Gonz\u00e1lez, Ernesto Cardenal, Ram\u00f3n Xirau, Luis Rius y Juan Ba\u00f1uelos, entre otros.<\/p>\n\n\n\n<p>Tambi\u00e9n realiz\u00f3 estudios de Estil\u00edstica e Historia del arte en la Universidad Complutense de Madrid, Espa\u00f1a; Ling\u00fc\u00edstica y Literatura en la Asociaci\u00f3n Nacional de Universidades e Instituciones de Educaci\u00f3n Superior (ANUIES) y Radio en el Instituto Latinoamericano de Comunicaci\u00f3n Educativa (ILCE).<\/p>\n\n\n\n<p>La ense\u00f1anza fue parte esencial en su vida, fue maestra en las escuelas de Bellas Artes de Veracruz, Cuernavaca y Estado de M\u00e9xico, as\u00ed como en la Universidad Iberoamericana, en la Escuela de Periodismo Carlos Septi\u00e9n Garc\u00eda y en la Escuela de Escritores de la Sociedad General de Escritores de M\u00e9xico (Sogem) y form\u00f3 parte de las maestras fundadoras de la entonces Escuela Nacional de Estudios Profesionales Acatl\u00e1n (UNAM).<\/p>\n\n\n\n<p>En&nbsp;<em>La tierra est\u00e1 sonando&nbsp;<\/em>(1959) recupera algunas vivencias en un sentido m\u00e1s profundo, mientras que en&nbsp;<em>Soles&nbsp;<\/em>(1977) habla sobre experiencias inmediatas y, tras los acontecimientos de 1968 refleja su b\u00fasqueda de aproximaci\u00f3n a la realidad mexicana.<\/p>\n\n\n\n<p>Otros de sus libros son:&nbsp;<em>\u00bfQu\u00e9 es lo vivido?, No es el amor el vuelo<\/em>,&nbsp;<em>Sonar en el silencio<\/em>,&nbsp;<em>\u00cdntimos hu\u00e9spedes<\/em>,&nbsp;<em>Algo le duele al aire<\/em>,&nbsp;<em>Viento quebrado, poes\u00eda reunida<\/em>,&nbsp;<em>Sombra domesticada<\/em>,&nbsp;<em>Pozo de luz<\/em>.<\/p>\n\n\n\n<p>En la revista&nbsp;\u201cPoes\u00eda de Am\u00e9rica\u201d, en la cual trabaj\u00f3 como jefa de Redacci\u00f3n, conoci\u00f3 a Cintio Vitier, Jos\u00e9 Lezama Lima, Fina Garc\u00eda Marruz, Roberto Fern\u00e1ndez Retamar y otros intelectuales cubanos, con quienes cultiv\u00f3 una estrecha amistad. Con ese mismo cargo trabaj\u00f3 en la revista \u201cBarcos de papel\u201d y fue miembro del Consejo de Redacci\u00f3n de&nbsp;\u201cSuma bibliogr\u00e1fica\u201d.<em><\/em><\/p>\n\n\n\n<p>Adem\u00e1s de formar parte de Radio UNAM, fue productora de programas radiof\u00f3nicos y condujo&nbsp;\u201cPoetas de M\u00e9xico\u201den Canal 11 con Alejandro Avil\u00e9s y fue colaboradora de&nbsp;\u201cBarcos de papel\u201d, \u201cFuensanta\u201d, \u201cLa palabra y el hombre\u201d, \u201cNivel\u201d&nbsp;<em>y&nbsp;\u201c<\/em>Revista&nbsp;de laUIA\u201d<em>.<\/em><\/p>\n\n\n\n<p>Obtuvo el Premio Nacional de Poes\u00eda Mazatl\u00e1n 1980 por el poemario \u201c\u00bfQu\u00e9 es lo vivido?\u201d<em>;<\/em>&nbsp;en 2004 obtuvo el Premio III Nezahualc\u00f3yotl, as\u00ed como el Premio Nacional de Poes\u00eda Sor Juana In\u00e9s de la Cruz<em>.<\/em><em><\/em><\/p>\n\n\n\n<p>En 2008, con motivo de sus 85 a\u00f1os, el Inbal le rindi\u00f3 homenaje por su trayectoria literaria y su aportaci\u00f3n a las letras mexicanas, y en 2014 organiz\u00f3 la presentaci\u00f3n editorial&nbsp;\u201cDolores Castro, 90 a\u00f1os: palabra y tiempo\u201d.<\/p>\n\n\n\n<p>En enero de 2019, durante su participaci\u00f3n en el ciclo Protagonistas de la literatura mexicana&nbsp;que organiz\u00f3 el Inbal, la poeta emocionada&nbsp;recit\u00f3 de memoria dos poemas suyos.<\/p>\n\n\n\n<p>En reconocimiento a su aportaci\u00f3n a la literatura, dos premios de poes\u00eda llevan su nombre: Premio Estatal de Poes\u00eda Dolores Castro que otorga el Instituto Tlaxcalteca de Cultura y el Premio Dolores Castro de Narrativa y Poes\u00eda Escrita por Mujeres, que entrega el Ayuntamiento de Aguascalientes. En 2018, el Fondo de Cultura Econ\u00f3mica inaugur\u00f3 una librer\u00eda con su nombre en la ciudad de Aguascalientes.<\/p>\n","protected":false},"excerpt":{"rendered":"<p>Obtuvo los premios Nacional de Ciencias y Artes en el \u00e1rea de Ling\u00fc\u00edstica y Literatura 2014 y la Medalla\u00a0Jos\u00e9 Emilio Pacheco\u00a02016, entre otros reconocimientos La Secretar\u00eda de Cultura y el &hellip; <a href=\"https:\/\/lavereda.com.mx\/index.php\/2022\/03\/30\/muere-dolores-castro-poeta-de-gran-trayectoria-y-apasionada-de-la-literatura\/\" class=\"more-link\">Leer m\u00e1s<\/a><\/p>\n","protected":false},"author":1,"featured_media":3412,"comment_status":"open","ping_status":"open","sticky":false,"template":"","format":"standard","meta":{"footnotes":""},"categories":[5,18],"tags":[],"class_list":["post-3411","post","type-post","status-publish","format-standard","has-post-thumbnail","hentry","category-letras-y-libros","category-lomasrelevante","entry"],"_links":{"self":[{"href":"https:\/\/lavereda.com.mx\/index.php\/wp-json\/wp\/v2\/posts\/3411","targetHints":{"allow":["GET"]}}],"collection":[{"href":"https:\/\/lavereda.com.mx\/index.php\/wp-json\/wp\/v2\/posts"}],"about":[{"href":"https:\/\/lavereda.com.mx\/index.php\/wp-json\/wp\/v2\/types\/post"}],"author":[{"embeddable":true,"href":"https:\/\/lavereda.com.mx\/index.php\/wp-json\/wp\/v2\/users\/1"}],"replies":[{"embeddable":true,"href":"https:\/\/lavereda.com.mx\/index.php\/wp-json\/wp\/v2\/comments?post=3411"}],"version-history":[{"count":1,"href":"https:\/\/lavereda.com.mx\/index.php\/wp-json\/wp\/v2\/posts\/3411\/revisions"}],"predecessor-version":[{"id":3413,"href":"https:\/\/lavereda.com.mx\/index.php\/wp-json\/wp\/v2\/posts\/3411\/revisions\/3413"}],"wp:featuredmedia":[{"embeddable":true,"href":"https:\/\/lavereda.com.mx\/index.php\/wp-json\/wp\/v2\/media\/3412"}],"wp:attachment":[{"href":"https:\/\/lavereda.com.mx\/index.php\/wp-json\/wp\/v2\/media?parent=3411"}],"wp:term":[{"taxonomy":"category","embeddable":true,"href":"https:\/\/lavereda.com.mx\/index.php\/wp-json\/wp\/v2\/categories?post=3411"},{"taxonomy":"post_tag","embeddable":true,"href":"https:\/\/lavereda.com.mx\/index.php\/wp-json\/wp\/v2\/tags?post=3411"}],"curies":[{"name":"wp","href":"https:\/\/api.w.org\/{rel}","templated":true}]}}