{"id":3407,"date":"2022-03-30T00:39:57","date_gmt":"2022-03-30T00:39:57","guid":{"rendered":"http:\/\/lavereda.com.mx\/?p=3407"},"modified":"2022-03-30T00:40:22","modified_gmt":"2022-03-30T00:40:22","slug":"la-compania-de-danza-treintaonce-se-estrena-en-el-teatro-nazas","status":"publish","type":"post","link":"https:\/\/lavereda.com.mx\/index.php\/2022\/03\/30\/la-compania-de-danza-treintaonce-se-estrena-en-el-teatro-nazas\/","title":{"rendered":"La compa\u00f1\u00eda de danza Treinta: Once se estrena en el Teatro Nazas"},"content":{"rendered":"\n<p>La compa\u00f1\u00eda de danza contempor\u00e1nea 30:11 dirigida por las bailarinas Daniela Guzm\u00e1n y Victoria P\u00e9rez (licenciadas en Danza Contempor\u00e1nea) presentar\u00e1n el s\u00e1bado 02 de Abril, a las 19:30 horas en el Teatro Nazas el programa \u201cLas V\u00edrgenes Terrestres\u201d, nombre que nace de la inspiraci\u00f3n del poema de la poeta lagunera Enriqueta Ochoa (1928-2008).&nbsp;<\/p>\n\n\n\n<p>La funci\u00f3n se compone de ocho obras coreogr\u00e1ficas, una de ellas y el parteaguas del programa, est\u00e1 a cargo del core\u00f3grafo Jes\u00fas Garc\u00eda, en la cual se reviven algunos de los casos de feminicidios ocurridos en ciudad Ju\u00e1rez, Chihuahua, desde el a\u00f1o de 1993 hasta la fecha. Por otro lado se recrea una narrativa acerca de la vida, las memorias y los recuerdos de las mujeres.&nbsp;<\/p>\n\n\n\n<p>Una cotidianeidad que se vuelve locura, deseo, lucha, plenitud, necesidad, identidad, b\u00fasqueda, que cada una de ellas atravesaba en el momento justo en que se le priv\u00f3 de la vida, a trav\u00e9s de dos duetos y tres uni-personales, finalizando con la voz fuerte y rebelde, que decide existir como una mujer de su tiempo, dentro de la uni\u00f3n de las f\u00e9minas en donde se proclaman libres de todo estereotipo.&nbsp;<\/p>\n\n\n\n<p>\u201cT\u00fa has cambiado mi duelo en danza, me quitaste el luto y me ce\u00f1iste de alegr\u00eda.\u201d 30:11&nbsp;<\/p>\n\n\n\n<p>Integrantes de la compa\u00f1\u00eda compartieron que partiendo del Salmo 30:11, es que nace a inicios de este a\u00f1o la compa\u00f1\u00eda de Danza que lleva el mismo nombre, la cual a trav\u00e9s de sus integrantes ha encontrado su propio lenguaje coreogr\u00e1fico e interpretativo mediante la b\u00fasqueda y encuentro de la libertad, la pasi\u00f3n, el respeto, la uni\u00f3n y el profesionalismo hacia la danza. <\/p>\n\n\n\n<p>\u00abLa l\u00ednea coreogr\u00e1fica de la compa\u00f1\u00eda, desde la experiencia de vida, la sensibilidad humana y art\u00edstica de cada una de ellas, buscan colaborar con el crecimiento, difusi\u00f3n y promoci\u00f3n de dicha disciplina, a nivel local, estatal y nacional, as\u00ed como dar a las representaciones esc\u00e9nicas en espacios convencionales y no convencionales\u00bb.&nbsp;<\/p>\n\n\n\n<p>La funci\u00f3n tendr\u00e1 una cuota de recuperaci\u00f3n de $100.00 pesos, los boletos ya est\u00e1n a la venta en la taquilla del teatro Nazas o tambi\u00e9n se pueden adquirir con las integrantes de la compa\u00f1\u00eda y en las redes sociales de la agrupaci\u00f3n.&nbsp;<\/p>\n\n\n\n<p>La funci\u00f3n tendr\u00e1 una cuota de recuperaci\u00f3n de 100 pesos.<\/p>\n","protected":false},"excerpt":{"rendered":"<p>La compa\u00f1\u00eda de danza contempor\u00e1nea 30:11 dirigida por las bailarinas Daniela Guzm\u00e1n y Victoria P\u00e9rez (licenciadas en Danza Contempor\u00e1nea) presentar\u00e1n el s\u00e1bado 02 de Abril, a las 19:30 horas en &hellip; <a href=\"https:\/\/lavereda.com.mx\/index.php\/2022\/03\/30\/la-compania-de-danza-treintaonce-se-estrena-en-el-teatro-nazas\/\" class=\"more-link\">Leer m\u00e1s<\/a><\/p>\n","protected":false},"author":1,"featured_media":3408,"comment_status":"open","ping_status":"open","sticky":false,"template":"","format":"standard","meta":{"footnotes":""},"categories":[2],"tags":[],"class_list":["post-3407","post","type-post","status-publish","format-standard","has-post-thumbnail","hentry","category-artes-escenicas","entry"],"_links":{"self":[{"href":"https:\/\/lavereda.com.mx\/index.php\/wp-json\/wp\/v2\/posts\/3407","targetHints":{"allow":["GET"]}}],"collection":[{"href":"https:\/\/lavereda.com.mx\/index.php\/wp-json\/wp\/v2\/posts"}],"about":[{"href":"https:\/\/lavereda.com.mx\/index.php\/wp-json\/wp\/v2\/types\/post"}],"author":[{"embeddable":true,"href":"https:\/\/lavereda.com.mx\/index.php\/wp-json\/wp\/v2\/users\/1"}],"replies":[{"embeddable":true,"href":"https:\/\/lavereda.com.mx\/index.php\/wp-json\/wp\/v2\/comments?post=3407"}],"version-history":[{"count":2,"href":"https:\/\/lavereda.com.mx\/index.php\/wp-json\/wp\/v2\/posts\/3407\/revisions"}],"predecessor-version":[{"id":3410,"href":"https:\/\/lavereda.com.mx\/index.php\/wp-json\/wp\/v2\/posts\/3407\/revisions\/3410"}],"wp:featuredmedia":[{"embeddable":true,"href":"https:\/\/lavereda.com.mx\/index.php\/wp-json\/wp\/v2\/media\/3408"}],"wp:attachment":[{"href":"https:\/\/lavereda.com.mx\/index.php\/wp-json\/wp\/v2\/media?parent=3407"}],"wp:term":[{"taxonomy":"category","embeddable":true,"href":"https:\/\/lavereda.com.mx\/index.php\/wp-json\/wp\/v2\/categories?post=3407"},{"taxonomy":"post_tag","embeddable":true,"href":"https:\/\/lavereda.com.mx\/index.php\/wp-json\/wp\/v2\/tags?post=3407"}],"curies":[{"name":"wp","href":"https:\/\/api.w.org\/{rel}","templated":true}]}}