{"id":340,"date":"2020-08-15T22:56:23","date_gmt":"2020-08-15T22:56:23","guid":{"rendered":"https:\/\/web.lavereda.com.mx\/?p=340"},"modified":"2020-08-15T22:57:22","modified_gmt":"2020-08-15T22:57:22","slug":"ocho-reflexiones-tras-concluir-dark","status":"publish","type":"post","link":"https:\/\/lavereda.com.mx\/index.php\/2020\/08\/15\/ocho-reflexiones-tras-concluir-dark\/","title":{"rendered":"Ocho reflexiones tras concluir Dark"},"content":{"rendered":"\n<p><strong>1.-&nbsp;<\/strong>El tema de la serie es complejo, pero no nuevo: el presente que se dobla y las realidades alternas con sus laber\u00ednticas posibilidades ha sido estudiado desde los tiempos m\u00e1s remotos, toda vez que tanto el Tiempo como el Espacio lo son y el ser humano desde sus inicios ha observado el Cosmos con sus variantes.<\/p>\n\n\n\n<hr class=\"wp-block-separator\" id=\"system-readmore\"\/>\n\n\n\n<p><strong>2.<\/strong>&#8211; Jorge Luis Borges fue uno de los escritores que mejor comprendi\u00f3 el tema, son varios sus cuentos con esta caracter\u00edstica, ya que la multiplicidad, la eterna repetici\u00f3n y el desdoblamiento del ser interesaban a la vez que aterraban al autor. Sus textos El Otro y El Jard\u00edn de los Senderos que se Bifurcan son un bell\u00edsimo ejemplo sobre el manejo del tiempo no lineal.<\/p>\n\n\n\n<p><strong>3.<\/strong>&#8211; El escritor mexicano Jos\u00e9 Gordon en su tremendo libro El Inconcebible Universo (Editorial Sexto Piso) explica de forma muy agradable y did\u00e1ctica el tema, en el que incluye la Poes\u00eda como el precursor de lo que la ciencia despu\u00e9s descubrir\u00e1 con los universos alternos, inclusi\u00f3n del todo atinada.<\/p>\n\n\n\n<p><strong>4.<\/strong>&#8211; Aunque el cine ya hab\u00eda tocado el tema de forma superficial (Si Yo Hubiera, 1998, con Gwyneth Paltrow, entre otros t\u00edtulos) llama la atenci\u00f3n la avalancha de producciones que nos acercan al tema, desde Los Avengers, El Multiverso de Spider Man, Rick &amp; Morty, The Midnight Godspell y ahora Dark, todas de gran alcance. \u00bfPor qu\u00e9 estar\u00e1 el tema en la agenda medi\u00e1tica?<\/p>\n\n\n\n<p><strong>5.<\/strong>&#8211; Dos grandes y po\u00e9ticos ejemplos de la circularidad del tiempo (es decir, la no linealidad, que es como lo concebimos) son las pel\u00edculas La Llegada (2016, David Villeneuve) e Interestelar (2014, Christopher Nolan) ambas modernas, atrevidas, complejas y que dejaron un antecedente importante para los t\u00edtulos mencionados en el punto anterior.<\/p>\n\n\n\n<p><strong>6.<\/strong>&#8211; De todas las mencionadas Dark es la primera que incluye el tema religioso, ah\u00ed reside su originalidad, desde la Creaci\u00f3n, el Para\u00edso y su Apocalipsis. Como buenos alemanes en temas complejos, su narrativa es densa y oscura.&nbsp;<\/p>\n\n\n\n<p><strong>7<\/strong>.- \u00c9sa misma visi\u00f3n religiosa, aunque rica en elementos, s\u00edmbolos y met\u00e1foras, es occidental, judeocristiana, y no abarca otras filosof\u00edas y cosmovisiones orientales o arcaicas que complementaran la totalidad del ser humano (acaso se toca por encima Ariadna y el Laberinto que proviene de la Grecia Cl\u00e1sica, pero de igual forma es una visi\u00f3n occidental).<\/p>\n\n\n\n<p><strong>8.<\/strong>&#8211; Ojal\u00e1 quede como una obra ya terminada, que apenas sobrevivi\u00f3 a su tercera temporada. Cualquier intento de precuela o secuela (y se ver\u00e1n tentados porque los n\u00fameros de audiencia presentados por Netflix son impresionantes), o de universo alterno, (porque ya vimos que de todo son capaces) ser\u00e1 condenarla.<\/p>\n","protected":false},"excerpt":{"rendered":"<p>El tema de la serie es complejo, pero no nuevo: el presente que se dobla y las realidades alternas con sus laber\u00ednticas posibilidades ha sido estudiado desde los tiempos m\u00e1s remotos, toda vez que tanto el Tiempo como el Espacio lo son y el ser humano desde sus inicios ha observado el Cosmos con sus variantes.<\/p>\n","protected":false},"author":2,"featured_media":341,"comment_status":"open","ping_status":"open","sticky":false,"template":"","format":"standard","meta":{"footnotes":""},"categories":[6],"tags":[],"class_list":["post-340","post","type-post","status-publish","format-standard","has-post-thumbnail","hentry","category-cinetv","entry"],"_links":{"self":[{"href":"https:\/\/lavereda.com.mx\/index.php\/wp-json\/wp\/v2\/posts\/340","targetHints":{"allow":["GET"]}}],"collection":[{"href":"https:\/\/lavereda.com.mx\/index.php\/wp-json\/wp\/v2\/posts"}],"about":[{"href":"https:\/\/lavereda.com.mx\/index.php\/wp-json\/wp\/v2\/types\/post"}],"author":[{"embeddable":true,"href":"https:\/\/lavereda.com.mx\/index.php\/wp-json\/wp\/v2\/users\/2"}],"replies":[{"embeddable":true,"href":"https:\/\/lavereda.com.mx\/index.php\/wp-json\/wp\/v2\/comments?post=340"}],"version-history":[{"count":1,"href":"https:\/\/lavereda.com.mx\/index.php\/wp-json\/wp\/v2\/posts\/340\/revisions"}],"predecessor-version":[{"id":342,"href":"https:\/\/lavereda.com.mx\/index.php\/wp-json\/wp\/v2\/posts\/340\/revisions\/342"}],"wp:featuredmedia":[{"embeddable":true,"href":"https:\/\/lavereda.com.mx\/index.php\/wp-json\/wp\/v2\/media\/341"}],"wp:attachment":[{"href":"https:\/\/lavereda.com.mx\/index.php\/wp-json\/wp\/v2\/media?parent=340"}],"wp:term":[{"taxonomy":"category","embeddable":true,"href":"https:\/\/lavereda.com.mx\/index.php\/wp-json\/wp\/v2\/categories?post=340"},{"taxonomy":"post_tag","embeddable":true,"href":"https:\/\/lavereda.com.mx\/index.php\/wp-json\/wp\/v2\/tags?post=340"}],"curies":[{"name":"wp","href":"https:\/\/api.w.org\/{rel}","templated":true}]}}