{"id":3388,"date":"2022-03-25T19:34:30","date_gmt":"2022-03-25T19:34:30","guid":{"rendered":"http:\/\/lavereda.com.mx\/?p=3388"},"modified":"2022-03-25T19:36:49","modified_gmt":"2022-03-25T19:36:49","slug":"celebran-en-torreon-el-dia-internacional-del-teatro","status":"publish","type":"post","link":"https:\/\/lavereda.com.mx\/index.php\/2022\/03\/25\/celebran-en-torreon-el-dia-internacional-del-teatro\/","title":{"rendered":"Celebran en Torre\u00f3n el D\u00eda Internacional del Teatro"},"content":{"rendered":"\n<p>Con motivo de la celebraci\u00f3n del D\u00eda Mundial del Teatro, compa\u00f1\u00edas locales realizar\u00e1n un tradicional marat\u00f3n en el Teatro Nazas, en coordinaci\u00f3n con el Instituto Municipal de Cultura y Educaci\u00f3n de Torre\u00f3n.<\/p>\n\n\n\n<p>El marat\u00f3n consta de cinco funciones de teatro continuas a partir de las 17:00 horas y hasta las 21:00 horas; el programa est\u00e1 conformado de la siguiente manera:<\/p>\n\n\n\n<p>Se presentar\u00e1n dos obras para p\u00fablico infantil y familiar:<strong>&nbsp;<\/strong><em>A se\u00f1as te ense\u00f1o,&nbsp;<\/em>con la direcci\u00f3n de Cony M\u00fazquiz<em>&nbsp;<\/em>y la<em>&nbsp;<\/em>compa\u00f1\u00eda Miradas y Se\u00f1as Teatro de Sordos<em>;<\/em>&nbsp;y<em>&nbsp;Alas para Catalina&nbsp;<\/em>con la<em>&nbsp;<\/em>direcci\u00f3n Ali D\u00edaz<em>&nbsp;<\/em>y lacompa\u00f1\u00eda Lib\u00e9lula Pro.<\/p>\n\n\n\n<p>Para p\u00fablico adulto se presentar\u00e1:&nbsp;<em>Vienen y van y Quad<\/em>&nbsp;con la direcci\u00f3n Fran Cacho y la compa\u00f1\u00eda Lechuzas;&nbsp;<em>Ma\u00f1ana Pagan<\/em>, mon\u00f3logo de Lily Enr\u00edquez y direcci\u00f3n de Xavier Garc\u00eda;&nbsp;<em>Las Ciegas del Purgatorio<\/em>&nbsp;con la direcci\u00f3n de Edmundo H. Garc\u00eda y la Compa\u00f1\u00eda Apolo Teatro; as\u00ed como&nbsp;<em>Tan s\u00f3lo la sangre convertida en espejismos<\/em>, con textos del poeta Alfredo Castro Mu\u00f1oz con la direcci\u00f3n: Cecilia Arra\u00f1aga, Disley Rodr\u00edguez, Alejandro Arra\u00f1aga.<\/p>\n\n\n\n<p>Los boletos est\u00e1n a la venta en taquilla: 1 obra $30.00 y todas las obras: $100.00.&nbsp;<\/p>\n\n\n\n<p>Desde 1962, el D\u00eda Mundial del Teatro ha sido celebrado el 27 de marzo de cada a\u00f1o. Este d\u00eda es una celebraci\u00f3n para aquellos que pueden ver el valor e importancia de este arte, y act\u00faa como un llamado de atenci\u00f3n para los gobiernos, pol\u00edticos e instituciones que a\u00fan no han reconocido su valor para las personas y para el individuo, y tampoco se han dado cuenta de su potencial para el crecimiento econ\u00f3mico.<\/p>\n","protected":false},"excerpt":{"rendered":"<p>Con motivo de la celebraci\u00f3n del D\u00eda Mundial del Teatro, compa\u00f1\u00edas locales realizar\u00e1n un tradicional marat\u00f3n en el Teatro Nazas, en coordinaci\u00f3n con el Instituto Municipal de Cultura y Educaci\u00f3n &hellip; <a href=\"https:\/\/lavereda.com.mx\/index.php\/2022\/03\/25\/celebran-en-torreon-el-dia-internacional-del-teatro\/\" class=\"more-link\">Leer m\u00e1s<\/a><\/p>\n","protected":false},"author":1,"featured_media":619,"comment_status":"open","ping_status":"open","sticky":false,"template":"","format":"standard","meta":{"footnotes":""},"categories":[2,18],"tags":[],"class_list":["post-3388","post","type-post","status-publish","format-standard","has-post-thumbnail","hentry","category-artes-escenicas","category-lomasrelevante","entry"],"_links":{"self":[{"href":"https:\/\/lavereda.com.mx\/index.php\/wp-json\/wp\/v2\/posts\/3388","targetHints":{"allow":["GET"]}}],"collection":[{"href":"https:\/\/lavereda.com.mx\/index.php\/wp-json\/wp\/v2\/posts"}],"about":[{"href":"https:\/\/lavereda.com.mx\/index.php\/wp-json\/wp\/v2\/types\/post"}],"author":[{"embeddable":true,"href":"https:\/\/lavereda.com.mx\/index.php\/wp-json\/wp\/v2\/users\/1"}],"replies":[{"embeddable":true,"href":"https:\/\/lavereda.com.mx\/index.php\/wp-json\/wp\/v2\/comments?post=3388"}],"version-history":[{"count":1,"href":"https:\/\/lavereda.com.mx\/index.php\/wp-json\/wp\/v2\/posts\/3388\/revisions"}],"predecessor-version":[{"id":3389,"href":"https:\/\/lavereda.com.mx\/index.php\/wp-json\/wp\/v2\/posts\/3388\/revisions\/3389"}],"wp:featuredmedia":[{"embeddable":true,"href":"https:\/\/lavereda.com.mx\/index.php\/wp-json\/wp\/v2\/media\/619"}],"wp:attachment":[{"href":"https:\/\/lavereda.com.mx\/index.php\/wp-json\/wp\/v2\/media?parent=3388"}],"wp:term":[{"taxonomy":"category","embeddable":true,"href":"https:\/\/lavereda.com.mx\/index.php\/wp-json\/wp\/v2\/categories?post=3388"},{"taxonomy":"post_tag","embeddable":true,"href":"https:\/\/lavereda.com.mx\/index.php\/wp-json\/wp\/v2\/tags?post=3388"}],"curies":[{"name":"wp","href":"https:\/\/api.w.org\/{rel}","templated":true}]}}