{"id":3377,"date":"2022-03-25T17:59:45","date_gmt":"2022-03-25T17:59:45","guid":{"rendered":"http:\/\/lavereda.com.mx\/?p=3377"},"modified":"2022-03-25T18:00:03","modified_gmt":"2022-03-25T18:00:03","slug":"la-fil-dedica-a-jose-saramago-el-dia-mundial-del-libro","status":"publish","type":"post","link":"https:\/\/lavereda.com.mx\/index.php\/2022\/03\/25\/la-fil-dedica-a-jose-saramago-el-dia-mundial-del-libro\/","title":{"rendered":"La FIL dedica a Jos\u00e9 Saramago el D\u00eda Mundial del Libro"},"content":{"rendered":"\n<p>Con la lectura de una de sus obras fundamentales,\u00a0<em>Ensayo sobre la ceguera<\/em>, la Feria Internacional del Libro de Guadalajara rendir\u00e1 homenaje al escritor portugu\u00e9s Jos\u00e9 Saramago, en el centenario de su nacimiento, y festejar\u00e1 veinte a\u00f1os de actividades en plazas p\u00fablicas por el D\u00eda Mundial del Libro en esta ciudad. <\/p>\n\n\n\n<p>La cita para este gran marat\u00f3n de lectura en voz alta, que cuenta con el apoyo del Gobierno de Guadalajara, se realizar\u00e1 el pr\u00f3ximo s\u00e1bado 23 de abril, de 10:00 a 17:00 horas, en el Paseo Fray Antonio Alcalde, como una de las actividades de arranque del programa Guadalajara, Capital Mundial del Libro 2022, designaci\u00f3n que le fue conferida a la ciudad por la Organizaci\u00f3n de las Naciones Unidas para la Educaci\u00f3n, la Ciencia y la Cultura (Unesco, por sus siglas en ingl\u00e9s).<\/p>\n\n\n\n<p>El D\u00eda Mundial del Libro es una celebraci\u00f3n creada en 1995 por disposici\u00f3n y acuerdo de la Unesco. Desde 2002, la FIL Guadalajara festeja este d\u00eda con una lectura p\u00fablica en voz alta. En estos maratones, que adem\u00e1s de Guadalajara se extienden a otros municipios de Jalisco, se han le\u00eddo las obras de Juan Jos\u00e9 Arreola (2002, 2011 y 2018), Julio Cort\u00e1zar (2003), Pablo Neruda (2004), Julio Verne (2005), Jorge Luis Borges (2006), Gabriel Garc\u00eda M\u00e1rquez (2007), Agust\u00edn Y\u00e1\u00f1ez (2008), Horacio Quiroga (2009), Jorge Ibarg\u00fcengoitia (2010), Bram Stoker (2012), Jane Austen (2013), Jos\u00e9 Emilio Pacheco (2014), Lewis Carroll (2015), Mary Shelley (2016), Ignacio Padilla (2017), Fernando del Paso (2019), Ray Bradbury 2020) y Augusto Monterroso (2021).<\/p>\n\n\n\n<p>\u00a0Como parte de las actividades por el D\u00eda Mundial del Libro, FIL Ni\u00f1os llevar\u00e1 el 23 de abril al Paseo Alcalde, la Imprenta Subversiva para la Ni\u00f1ez: una unidad m\u00f3vil, equipada con una imprenta, donde las y los participantes podr\u00e1n crear carteles subversivos basados en diez principios: ayuda, apoya, copia lo bello, labora, estudia, ama, protege, cultiva, no tengas esclavos y trabaja. Mediante una serie de talleres autodirigidos, los ni\u00f1os y las ni\u00f1as podr\u00e1n experimentar con m\u00e1quinas de impresi\u00f3n, con el lenguaje y la construcci\u00f3n de mensajes que expresen sus anhelos y propongan formas de convivencia libres de violencia en su comunidad. La Imprenta Subversiva forma parte tambi\u00e9n de Guadalajara, Capital Mundial del Libro, y de abril a junio llegar\u00e1 a espacios p\u00fablicos de la ciudad.<\/p>\n\n\n\n<p>Durante la lectura del pr\u00f3ximo 23 de abril en el Paseo Alcalde se instalar\u00e1 tambi\u00e9n una zona de exhibici\u00f3n y venta de libros, con la presencia de Ediciones Arlequ\u00edn, Gremio Editores de Guadalajara, El Quinqu\u00e9 Cooperativa Editorial, Fondo de Cultura Econ\u00f3mica, Librer\u00eda Ferragus, Grupo Tomo, Para\u00edso Perdido, Editorial \u00c9poca, Ediciones El Viaje, Librer\u00edas Gonvill, Grupo Planeta, Librer\u00edas Gandhi, Vaso Roto, Penguin Random House, Librer\u00eda Carlos Fuentes,\u00a0<em>Luvina<\/em>\u00a0y Editorial Universitaria. <\/p>\n\n\n\n<p>M\u00e1s informes en\u00a0<a href=\"http:\/\/www.fil.com.mx\/\">www.fil.com.mx<\/a>.<\/p>\n","protected":false},"excerpt":{"rendered":"<p>Con la lectura de una de sus obras fundamentales,\u00a0Ensayo sobre la ceguera, la Feria Internacional del Libro de Guadalajara rendir\u00e1 homenaje al escritor portugu\u00e9s Jos\u00e9 Saramago, en el centenario de &hellip; <a href=\"https:\/\/lavereda.com.mx\/index.php\/2022\/03\/25\/la-fil-dedica-a-jose-saramago-el-dia-mundial-del-libro\/\" class=\"more-link\">Leer m\u00e1s<\/a><\/p>\n","protected":false},"author":1,"featured_media":3379,"comment_status":"open","ping_status":"open","sticky":false,"template":"","format":"standard","meta":{"footnotes":""},"categories":[5,18],"tags":[],"class_list":["post-3377","post","type-post","status-publish","format-standard","has-post-thumbnail","hentry","category-letras-y-libros","category-lomasrelevante","entry"],"_links":{"self":[{"href":"https:\/\/lavereda.com.mx\/index.php\/wp-json\/wp\/v2\/posts\/3377","targetHints":{"allow":["GET"]}}],"collection":[{"href":"https:\/\/lavereda.com.mx\/index.php\/wp-json\/wp\/v2\/posts"}],"about":[{"href":"https:\/\/lavereda.com.mx\/index.php\/wp-json\/wp\/v2\/types\/post"}],"author":[{"embeddable":true,"href":"https:\/\/lavereda.com.mx\/index.php\/wp-json\/wp\/v2\/users\/1"}],"replies":[{"embeddable":true,"href":"https:\/\/lavereda.com.mx\/index.php\/wp-json\/wp\/v2\/comments?post=3377"}],"version-history":[{"count":2,"href":"https:\/\/lavereda.com.mx\/index.php\/wp-json\/wp\/v2\/posts\/3377\/revisions"}],"predecessor-version":[{"id":3382,"href":"https:\/\/lavereda.com.mx\/index.php\/wp-json\/wp\/v2\/posts\/3377\/revisions\/3382"}],"wp:featuredmedia":[{"embeddable":true,"href":"https:\/\/lavereda.com.mx\/index.php\/wp-json\/wp\/v2\/media\/3379"}],"wp:attachment":[{"href":"https:\/\/lavereda.com.mx\/index.php\/wp-json\/wp\/v2\/media?parent=3377"}],"wp:term":[{"taxonomy":"category","embeddable":true,"href":"https:\/\/lavereda.com.mx\/index.php\/wp-json\/wp\/v2\/categories?post=3377"},{"taxonomy":"post_tag","embeddable":true,"href":"https:\/\/lavereda.com.mx\/index.php\/wp-json\/wp\/v2\/tags?post=3377"}],"curies":[{"name":"wp","href":"https:\/\/api.w.org\/{rel}","templated":true}]}}