{"id":3371,"date":"2022-03-22T23:44:46","date_gmt":"2022-03-22T23:44:46","guid":{"rendered":"http:\/\/lavereda.com.mx\/?p=3371"},"modified":"2022-03-22T23:44:47","modified_gmt":"2022-03-22T23:44:47","slug":"ofrecen-charla-sobre-la-presencia-de-la-mujer-en-la-musica-clasica","status":"publish","type":"post","link":"https:\/\/lavereda.com.mx\/index.php\/2022\/03\/22\/ofrecen-charla-sobre-la-presencia-de-la-mujer-en-la-musica-clasica\/","title":{"rendered":"Ofrecen charla sobre la presencia de la mujer en la m\u00fasica cl\u00e1sica"},"content":{"rendered":"\n<p>Hay una historia no contada en la m\u00fasica cl\u00e1sica: la de la participaci\u00f3n de las mujeres como int\u00e9rpretes y compositoras. Como parte de las actividades en el mes de la mujer, el Instituto Municipal de Cultura y Educaci\u00f3n invita a la conferencia:\u00a0\u201cLa presencia femenina en la m\u00fasica occidental\u201d, que estar\u00e1 a cargo de la educadora musical Paola Carrillo Hern\u00e1ndez.<\/p>\n\n\n\n<p> La cita es este jueves 24 de marzo en punto de las 19:00 hrs. en la galer\u00eda del instituto ubicada en Av. Ju\u00e1rez esquina con Col\u00f3n. El acceso a la conferencia es libre a todo el p\u00fablico.<\/p>\n\n\n\n<p>Las mujeres siempre han formado parte de la creaci\u00f3n e interpretaci\u00f3n dentro del \u00e1mbito de la m\u00fasica acad\u00e9mica. Por diversas razones, estas pr\u00e1cticas se han invisibilizado, y es hasta a\u00f1os muy recientes que se ha comenzado a estudiar y profundizar en el destacado papel que el g\u00e9nero femenino ha tenido en la esfera musical a lo largo de los siglos con mujeres en la m\u00fasica.<\/p>\n\n\n\n<p>A trav\u00e9s de esta conferencia se busca hacer un breve recorrido hist\u00f3rico por la vida de algunas de estas mujeres, y poner de manifiesto el importante, y muchas veces desconocido, aporte que las mujeres han tenido en el desarrollo de la m\u00fasica occidental.<\/p>\n\n\n\n<p><strong>Semblanza<\/strong><\/p>\n\n\n\n<p>Paola Carrillo Hern\u00e1ndez es educadora musical por la Universidad Veracruzana, violoncellista y contralto, inici\u00f3 su formaci\u00f3n musical en el Programa Orquestas y Coros Juveniles de M\u00e9xico (hoy Sistema Nacional de Fomento Musical) en el a\u00f1o de 1992.<\/p>\n\n\n\n<p>Desde 2008 vive en la Ciudad de Torr\u00e9on, Coahuila, donde ha impartido clases de Solfeo, Iniciaci\u00f3n Musical, Historia de la M\u00fasica, Apreciaci\u00f3n Musical, Literatura Musical, M\u00fasica Mexicana y Violonchelo. Fue maestra en la Academia Tchaikovsky, la Escuela Municipal de M\u00fasica \u201cSilvestre Revueltas\u201d de G\u00f3mez Palacio, Durango y en la Orquesta Sinf\u00f3nica Juvenil de Torre\u00f3n. Entre los a\u00f1os 2010-2019 fue la encargada de elaborar las notas para los programas de mano de Camerata de Coahuila, instituci\u00f3n con la que tambi\u00e9n colabor\u00f3 en los programas radi\u00f3fonicos \u201cEn Primera Fila\u201d y \u201cAc\u00fastica\u201d, y como narradora en sus conciertos did\u00e1cticos y pl\u00e1ticas previas a los conciertos de temporada.&nbsp;&nbsp;Desde 2014 forma parte de la plantilla docente del Instituto de M\u00fasica de Coahuila.<\/p>\n","protected":false},"excerpt":{"rendered":"<p>Hay una historia no contada en la m\u00fasica cl\u00e1sica: la de la participaci\u00f3n de las mujeres como int\u00e9rpretes y compositoras. Como parte de las actividades en el mes de la &hellip; <a href=\"https:\/\/lavereda.com.mx\/index.php\/2022\/03\/22\/ofrecen-charla-sobre-la-presencia-de-la-mujer-en-la-musica-clasica\/\" class=\"more-link\">Leer m\u00e1s<\/a><\/p>\n","protected":false},"author":1,"featured_media":3375,"comment_status":"open","ping_status":"open","sticky":false,"template":"","format":"standard","meta":{"footnotes":""},"categories":[12,4],"tags":[],"class_list":["post-3371","post","type-post","status-publish","format-standard","has-post-thumbnail","hentry","category-equidad","category-musica","entry"],"_links":{"self":[{"href":"https:\/\/lavereda.com.mx\/index.php\/wp-json\/wp\/v2\/posts\/3371","targetHints":{"allow":["GET"]}}],"collection":[{"href":"https:\/\/lavereda.com.mx\/index.php\/wp-json\/wp\/v2\/posts"}],"about":[{"href":"https:\/\/lavereda.com.mx\/index.php\/wp-json\/wp\/v2\/types\/post"}],"author":[{"embeddable":true,"href":"https:\/\/lavereda.com.mx\/index.php\/wp-json\/wp\/v2\/users\/1"}],"replies":[{"embeddable":true,"href":"https:\/\/lavereda.com.mx\/index.php\/wp-json\/wp\/v2\/comments?post=3371"}],"version-history":[{"count":2,"href":"https:\/\/lavereda.com.mx\/index.php\/wp-json\/wp\/v2\/posts\/3371\/revisions"}],"predecessor-version":[{"id":3376,"href":"https:\/\/lavereda.com.mx\/index.php\/wp-json\/wp\/v2\/posts\/3371\/revisions\/3376"}],"wp:featuredmedia":[{"embeddable":true,"href":"https:\/\/lavereda.com.mx\/index.php\/wp-json\/wp\/v2\/media\/3375"}],"wp:attachment":[{"href":"https:\/\/lavereda.com.mx\/index.php\/wp-json\/wp\/v2\/media?parent=3371"}],"wp:term":[{"taxonomy":"category","embeddable":true,"href":"https:\/\/lavereda.com.mx\/index.php\/wp-json\/wp\/v2\/categories?post=3371"},{"taxonomy":"post_tag","embeddable":true,"href":"https:\/\/lavereda.com.mx\/index.php\/wp-json\/wp\/v2\/tags?post=3371"}],"curies":[{"name":"wp","href":"https:\/\/api.w.org\/{rel}","templated":true}]}}