{"id":337,"date":"2020-08-15T22:52:21","date_gmt":"2020-08-15T22:52:21","guid":{"rendered":"https:\/\/web.lavereda.com.mx\/?p=337"},"modified":"2020-08-15T23:00:38","modified_gmt":"2020-08-15T23:00:38","slug":"volver-al-futuro","status":"publish","type":"post","link":"https:\/\/lavereda.com.mx\/index.php\/2020\/08\/15\/volver-al-futuro\/","title":{"rendered":"Volver al Futuro"},"content":{"rendered":"\n<p><strong>(Back to the Future, 1985)<\/strong><\/p>\n\n\n\n<p>A Volver al Futuro los chicos la desconocen y los mayores solo la recuerdan.<\/p>\n\n\n\n<p>Es tiempo de echarle un nuevo vistazo al supercl\u00e1sico, para present\u00e1rselo a las nuevas generaciones que se maravillar\u00e1n con este incre\u00edble viaje en el tiempo en el coche DeLorean.<\/p>\n\n\n\n<hr class=\"wp-block-separator\" id=\"system-readmore\"\/>\n\n\n\n<p>El carism\u00e1tico Michael J. Fox, entonces mega estrella juvenil del cine, protagoniza esta comedia de ciencia ficci\u00f3n en la que el Doctor Brown ha descubierto c\u00f3mo se puede regresar a un tiempo pret\u00e9rito mediante una ingeniosa m\u00e1quina que puede cambiar los eventos futuros.<\/p>\n\n\n\n<p>El joven Marty, estudiante de preparatoria, vive deprimido en el presente. Sus padres tienen una p\u00e9sima relaci\u00f3n y \u00e9l no quiere estar en su casa.<\/p>\n\n\n\n<p>Obligado, mediante astutas peripecias, a montarse en el milagroso aparato, el muchacho retrocede 30 a\u00f1os y se encuentra en la \u00e9poca en que sus viejos apenas se conocen. \u00c9l es un so\u00f1ador apocado y ella una chava descarriada que solo quiere a un hombre que la saque de su vida rutinaria.<\/p>\n\n\n\n<p>Marty se encargar\u00e1 de que se conozcan y que sus vidas mejoren en el futuro. Pero los saltos en el tiempo parecen ser una locura, porque los eventos que desencadenar\u00e1 al intervenir en el pasado, afectar\u00e1n lo que \u00e9l ya es en el presente, y lo que ser\u00e1 en el futuro de sus j\u00f3venes padres.<\/p>\n\n\n\n<p>La pel\u00edcula dirigida por Robert Zemeckis es una fabulosa fantas\u00eda llena de nostalgia que presenta la posibilidad, siembre anhelada&nbsp;&nbsp;y siempre inalcanzable, de regresar a los d\u00edas que definieron nuestra historia, para poder cambiarlos, si fuera preciso, para tener una existencia mejor.<\/p>\n\n\n\n<p>Es una de esas pel\u00edculas que al finalizar nos hacen sentir muy bien, agradecidos con el viaje que hemos hecho.<\/p>\n\n\n\n<p>(PG. Orientaci\u00f3n de los padres)<\/p>\n\n\n\n<p>Netflix<\/p>\n\n\n\n<p><em>Twitter @LucianoCamposG<\/em><\/p>\n","protected":false},"excerpt":{"rendered":"<p>Es tiempo de echarle un nuevo vistazo al supercl\u00e1sico, para present\u00e1rselo a las nuevas generaciones que se maravillar\u00e1n con este incre\u00edble viaje en el tiempo en el coche DeLorean.<\/p>\n","protected":false},"author":3,"featured_media":343,"comment_status":"open","ping_status":"open","sticky":false,"template":"","format":"standard","meta":{"footnotes":""},"categories":[6],"tags":[],"class_list":["post-337","post","type-post","status-publish","format-standard","has-post-thumbnail","hentry","category-cinetv","entry"],"_links":{"self":[{"href":"https:\/\/lavereda.com.mx\/index.php\/wp-json\/wp\/v2\/posts\/337","targetHints":{"allow":["GET"]}}],"collection":[{"href":"https:\/\/lavereda.com.mx\/index.php\/wp-json\/wp\/v2\/posts"}],"about":[{"href":"https:\/\/lavereda.com.mx\/index.php\/wp-json\/wp\/v2\/types\/post"}],"author":[{"embeddable":true,"href":"https:\/\/lavereda.com.mx\/index.php\/wp-json\/wp\/v2\/users\/3"}],"replies":[{"embeddable":true,"href":"https:\/\/lavereda.com.mx\/index.php\/wp-json\/wp\/v2\/comments?post=337"}],"version-history":[{"count":1,"href":"https:\/\/lavereda.com.mx\/index.php\/wp-json\/wp\/v2\/posts\/337\/revisions"}],"predecessor-version":[{"id":339,"href":"https:\/\/lavereda.com.mx\/index.php\/wp-json\/wp\/v2\/posts\/337\/revisions\/339"}],"wp:featuredmedia":[{"embeddable":true,"href":"https:\/\/lavereda.com.mx\/index.php\/wp-json\/wp\/v2\/media\/343"}],"wp:attachment":[{"href":"https:\/\/lavereda.com.mx\/index.php\/wp-json\/wp\/v2\/media?parent=337"}],"wp:term":[{"taxonomy":"category","embeddable":true,"href":"https:\/\/lavereda.com.mx\/index.php\/wp-json\/wp\/v2\/categories?post=337"},{"taxonomy":"post_tag","embeddable":true,"href":"https:\/\/lavereda.com.mx\/index.php\/wp-json\/wp\/v2\/tags?post=337"}],"curies":[{"name":"wp","href":"https:\/\/api.w.org\/{rel}","templated":true}]}}