{"id":3358,"date":"2022-03-19T01:30:03","date_gmt":"2022-03-19T01:30:03","guid":{"rendered":"http:\/\/lavereda.com.mx\/?p=3358"},"modified":"2022-03-19T01:30:05","modified_gmt":"2022-03-19T01:30:05","slug":"a-la-hora-del-cafe-2","status":"publish","type":"post","link":"https:\/\/lavereda.com.mx\/index.php\/2022\/03\/19\/a-la-hora-del-cafe-2\/","title":{"rendered":"A la hora del Caf\u00e9"},"content":{"rendered":"\n<h2 class=\"wp-block-heading\"><strong>Sem\u00e1foro verde<\/strong><\/h2>\n\n\n\n<p>Hace una semana recibimos la noticia de que en Coahuila ya no es obligatorio usar el cubre bocas en espacios abiertos. La mayor\u00eda de los estados del pa\u00eds ya se encuentran en sem\u00e1foro verde y aunque en muchas ciudades contin\u00faa la vacunaci\u00f3n, nos encontramos en un momento esperanzador de la pandemia. Pronto, en la post pandemia.<\/p>\n\n\n\n<p>El pasado viernes supe de esta noticia cuando me toc\u00f3 asistir a una presentaci\u00f3n de danza contempor\u00e1nea al aire libre en el Centro Cultural Casa Mud\u00e9jar, al calor de la tarde noche, alrededor de 50 personas asistieron a esta actividad, muchas de ellas a\u00fan con cubre bocas, dejando claro que la necesidad de salir y de disfrutar los espacios p\u00fablicos y culturales est\u00e1 latente.<\/p>\n\n\n\n<p>Ese mismo fin de semana continu\u00f3 la reactivaci\u00f3n del Paseo Col\u00f3n en la ciudad y los fines de semana la avenida Morelos recibe a artesanos y productores locales para exponer y vender sus productos. La calle, o una parte del espacio p\u00fablico, vuelve a ser propiedad de todas y todos.<\/p>\n\n\n\n<p>Tal vez tome tiempo para que el sector del arte y la cultura recupere su capital y su p\u00fablico, porque fue uno de los rubros m\u00e1s afectados durante la pandemia, una buena parte de la comunidad de artistas se qued\u00f3 sin empleo (m\u00e1s del 50 por ciento, seg\u00fan algunas encuestas nacionales).<\/p>\n\n\n\n<blockquote class=\"wp-block-quote is-layout-flow wp-block-quote-is-layout-flow\"><p>En el 2020 y parte del 2021, a nivel nacional un grupo de artistas del ramo esc\u00e9nico se organiz\u00f3 para demandar recursos y un fondo econ\u00f3mico especial al gobierno federal. Me toc\u00f3 escuchar una rueda de prensa de bailarines, actrices y actores de todo el pa\u00eds, exponiendo la precariedad en la que lleg\u00f3 a vivir el gremio cultural, sin poder cubrir las necesidades m\u00e1s b\u00e1sicas.<\/p><\/blockquote>\n\n\n\n<p>Es un aliciente saber que ya cada vez son menos las restricciones para que podamos asistir a los teatros, a los museos y en general a los espacios a disfrutar conciertos, exposiciones, paseos artesanales, etc\u00e9tera.<\/p>\n\n\n\n<p>Pero tambi\u00e9n es responsabilidad nuestra como sociedad civil cobijar al sector cultural y art\u00edstico, doblar esfuerzos para que recuperen sus ingresos, porque \u00bfno fue acaso la m\u00fasica, el cine, la literatura y la oferta art\u00edstica digital, lo que nos apoy\u00f3 en nuestro tiempo de encierro en casa?<\/p>\n\n\n\n<p>Ojal\u00e1 que este periodo de sem\u00e1foro verde sea en verdad esperanzador para quienes disfrutamos del quehacer cultural, como p\u00fablico, como promotores o como periodistas.\u00a0<\/p>\n\n\n\n<p><strong><em>Twitter: @Lavargasadri<\/em><\/strong><\/p>\n","protected":false},"excerpt":{"rendered":"<p>Sem\u00e1foro verde Hace una semana recibimos la noticia de que en Coahuila ya no es obligatorio usar el cubre bocas en espacios abiertos. La mayor\u00eda de los estados del pa\u00eds &hellip; <a href=\"https:\/\/lavereda.com.mx\/index.php\/2022\/03\/19\/a-la-hora-del-cafe-2\/\" class=\"more-link\">Leer m\u00e1s<\/a><\/p>\n","protected":false},"author":9,"featured_media":2512,"comment_status":"open","ping_status":"open","sticky":false,"template":"","format":"standard","meta":{"footnotes":""},"categories":[9],"tags":[],"class_list":["post-3358","post","type-post","status-publish","format-standard","has-post-thumbnail","hentry","category-opinion","entry"],"_links":{"self":[{"href":"https:\/\/lavereda.com.mx\/index.php\/wp-json\/wp\/v2\/posts\/3358","targetHints":{"allow":["GET"]}}],"collection":[{"href":"https:\/\/lavereda.com.mx\/index.php\/wp-json\/wp\/v2\/posts"}],"about":[{"href":"https:\/\/lavereda.com.mx\/index.php\/wp-json\/wp\/v2\/types\/post"}],"author":[{"embeddable":true,"href":"https:\/\/lavereda.com.mx\/index.php\/wp-json\/wp\/v2\/users\/9"}],"replies":[{"embeddable":true,"href":"https:\/\/lavereda.com.mx\/index.php\/wp-json\/wp\/v2\/comments?post=3358"}],"version-history":[{"count":1,"href":"https:\/\/lavereda.com.mx\/index.php\/wp-json\/wp\/v2\/posts\/3358\/revisions"}],"predecessor-version":[{"id":3359,"href":"https:\/\/lavereda.com.mx\/index.php\/wp-json\/wp\/v2\/posts\/3358\/revisions\/3359"}],"wp:featuredmedia":[{"embeddable":true,"href":"https:\/\/lavereda.com.mx\/index.php\/wp-json\/wp\/v2\/media\/2512"}],"wp:attachment":[{"href":"https:\/\/lavereda.com.mx\/index.php\/wp-json\/wp\/v2\/media?parent=3358"}],"wp:term":[{"taxonomy":"category","embeddable":true,"href":"https:\/\/lavereda.com.mx\/index.php\/wp-json\/wp\/v2\/categories?post=3358"},{"taxonomy":"post_tag","embeddable":true,"href":"https:\/\/lavereda.com.mx\/index.php\/wp-json\/wp\/v2\/tags?post=3358"}],"curies":[{"name":"wp","href":"https:\/\/api.w.org\/{rel}","templated":true}]}}