{"id":3346,"date":"2022-03-18T05:10:09","date_gmt":"2022-03-18T05:10:09","guid":{"rendered":"http:\/\/lavereda.com.mx\/?p=3346"},"modified":"2022-03-18T05:10:11","modified_gmt":"2022-03-18T05:10:11","slug":"mexico-recupera-pieza-arqueologica-en-austria","status":"publish","type":"post","link":"https:\/\/lavereda.com.mx\/index.php\/2022\/03\/18\/mexico-recupera-pieza-arqueologica-en-austria\/","title":{"rendered":"M\u00e9xico recupera pieza arqueol\u00f3gica en Austria"},"content":{"rendered":"\n<p>La Secretar\u00edas de Cultura y de Relaciones Exteriores informaron que la embajada de M\u00e9xico en Austria recuper\u00f3 una pieza arqueol\u00f3gica que se encontraba en manos de un coleccionista an\u00f3nimo.\u00a0<\/p>\n\n\n\n<p>La escultura fue devuelta a trav\u00e9s de la intermediaci\u00f3n del conocido mesoamericanista austr\u00edaco, profesor Karl-Herbert Mayer. Se trata de un fragmento de columna de aproximadamente 26 kilos, mismo que fue extra\u00eddo del sitio arqueol\u00f3gico de Santa Rosa Xtampak, Campeche.&nbsp;<\/p>\n\n\n\n<p>Esta devoluci\u00f3n constituye un ejemplo de la importancia de la concientizaci\u00f3n para la restituci\u00f3n voluntaria a M\u00e9xico de bienes patrimoniales que se encuentran fuera de territorio nacional y que fueron extra\u00eddos del pa\u00eds sin el conocimiento de las autoridades mexicanas.<\/p>\n\n\n\n<p>En el acto de entrega participaron el intermediario Prof. Karl-Herbert Mayer y el embajador de M\u00e9xico en Austria, Luis Javier Campuzano Pi\u00f1a.<\/p>\n\n\n\n<p>Las Secretar\u00edas de Cultura y de Relaciones Exteriores, en conjunto con la embajada de M\u00e9xico en Austria y el Instituto Nacional de Antropolog\u00eda e Historia, agradecen a la persona que devolvi\u00f3 la pieza. &nbsp;<\/p>\n\n\n\n<div class=\"wp-block-image\"><figure class=\"aligncenter size-large is-resized\"><img fetchpriority=\"high\" decoding=\"async\" src=\"https:\/\/lavereda.com.mx\/wp-content\/uploads\/2022\/03\/160322-Gobierno-de-Me\u0301xico-recupera-pieza-arqueolo\u0301gica-en-Austria-3.jpeg\" alt=\"\" class=\"wp-image-3348\" width=\"199\" height=\"404\" srcset=\"https:\/\/lavereda.com.mx\/wp-content\/uploads\/2022\/03\/160322-Gobierno-de-Me\u0301xico-recupera-pieza-arqueolo\u0301gica-en-Austria-3.jpeg 276w, https:\/\/lavereda.com.mx\/wp-content\/uploads\/2022\/03\/160322-Gobierno-de-Me\u0301xico-recupera-pieza-arqueolo\u0301gica-en-Austria-3-148x300.jpeg 148w\" sizes=\"(max-width: 199px) 100vw, 199px\" \/><\/figure><\/div>\n\n\n\n<p>Se invita a coleccionistas privados en el extranjero que actualmente tienen en posesi\u00f3n piezas que forman parte del patrimonio de M\u00e9xico, as\u00ed como a las casas de subastas, a sumarse a la protecci\u00f3n y salvaguarda del patrimonio cultural, y a restituirlas para su estudio, conservaci\u00f3n y difusi\u00f3n.\u00a0Ade<\/p>\n\n\n\n<p>Adem\u00e1s, el Gobierno de M\u00e9xico reafirma su compromiso de colaborar a nivel internacional para lograr la restituci\u00f3n de bienes culturales de nuestro pa\u00eds. Asimismo, de combatir la venta y el tr\u00e1fico de bienes culturales mexicanos en el extranjero, para lo cual ha puesto en marcha la campa\u00f1a #MiPatrimonioNoSeVende, la cual tiene el objetivo de desincentivar el inter\u00e9s por la compra y a generar conciencia de que este tipo de piezas arqueol\u00f3gicas no son adornos ni art\u00edculos de lujo, sino de objetos que son testimonio de la identidad y la memoria de los pueblos originarios de M\u00e9xico.<\/p>\n","protected":false},"excerpt":{"rendered":"<p>La Secretar\u00edas de Cultura y de Relaciones Exteriores informaron que la embajada de M\u00e9xico en Austria recuper\u00f3 una pieza arqueol\u00f3gica que se encontraba en manos de un coleccionista an\u00f3nimo.\u00a0 La &hellip; <a href=\"https:\/\/lavereda.com.mx\/index.php\/2022\/03\/18\/mexico-recupera-pieza-arqueologica-en-austria\/\" class=\"more-link\">Leer m\u00e1s<\/a><\/p>\n","protected":false},"author":1,"featured_media":3347,"comment_status":"open","ping_status":"open","sticky":false,"template":"","format":"standard","meta":{"footnotes":""},"categories":[3,18,8],"tags":[],"class_list":["post-3346","post","type-post","status-publish","format-standard","has-post-thumbnail","hentry","category-artes-visuales","category-lomasrelevante","category-sociedad","entry"],"_links":{"self":[{"href":"https:\/\/lavereda.com.mx\/index.php\/wp-json\/wp\/v2\/posts\/3346","targetHints":{"allow":["GET"]}}],"collection":[{"href":"https:\/\/lavereda.com.mx\/index.php\/wp-json\/wp\/v2\/posts"}],"about":[{"href":"https:\/\/lavereda.com.mx\/index.php\/wp-json\/wp\/v2\/types\/post"}],"author":[{"embeddable":true,"href":"https:\/\/lavereda.com.mx\/index.php\/wp-json\/wp\/v2\/users\/1"}],"replies":[{"embeddable":true,"href":"https:\/\/lavereda.com.mx\/index.php\/wp-json\/wp\/v2\/comments?post=3346"}],"version-history":[{"count":1,"href":"https:\/\/lavereda.com.mx\/index.php\/wp-json\/wp\/v2\/posts\/3346\/revisions"}],"predecessor-version":[{"id":3349,"href":"https:\/\/lavereda.com.mx\/index.php\/wp-json\/wp\/v2\/posts\/3346\/revisions\/3349"}],"wp:featuredmedia":[{"embeddable":true,"href":"https:\/\/lavereda.com.mx\/index.php\/wp-json\/wp\/v2\/media\/3347"}],"wp:attachment":[{"href":"https:\/\/lavereda.com.mx\/index.php\/wp-json\/wp\/v2\/media?parent=3346"}],"wp:term":[{"taxonomy":"category","embeddable":true,"href":"https:\/\/lavereda.com.mx\/index.php\/wp-json\/wp\/v2\/categories?post=3346"},{"taxonomy":"post_tag","embeddable":true,"href":"https:\/\/lavereda.com.mx\/index.php\/wp-json\/wp\/v2\/tags?post=3346"}],"curies":[{"name":"wp","href":"https:\/\/api.w.org\/{rel}","templated":true}]}}