{"id":3336,"date":"2022-03-16T05:24:30","date_gmt":"2022-03-16T05:24:30","guid":{"rendered":"http:\/\/lavereda.com.mx\/?p=3336"},"modified":"2022-03-16T05:31:32","modified_gmt":"2022-03-16T05:31:32","slug":"museo-arocena-presenta-recorrido-de-la-mujer","status":"publish","type":"post","link":"https:\/\/lavereda.com.mx\/index.php\/2022\/03\/16\/museo-arocena-presenta-recorrido-de-la-mujer\/","title":{"rendered":"Museo Arocena presenta recorrido de la mujer"},"content":{"rendered":"\n<p>Museo Arocena Conmemora el D\u00eda Internacional de la Mujer durante el mes de marzo con este recorrido tem\u00e1tico en el que conocer\u00e1s la vida cotidiana de las mujeres novohispanas a trav\u00e9s de piezas de la Colecci\u00f3n Arocena.&nbsp;<\/p>\n\n\n\n<p>Sin duda una gran colecci\u00f3n donde recordar\u00e1s y podr\u00e1s ver como era la vida de la mujer en ese tiempo.<\/p>\n\n\n\n<p>Al terminar, podr\u00e1s disfrutar de tres talleres art\u00edsticos que llevan por t\u00edtulo: Corona de monja, Mu\u00f1eca virreinal y Collage literario.<\/p>\n\n\n\n<p>Te compartimos las fechas y horarios para que puedas asistir a este reccorrido&nbsp;<\/p>\n\n\n\n<p><strong>S\u00e1bados y domingos de marzo<\/strong><\/p>\n\n\n\n<p>Horarios: 12:00 p.m. y 4:00 p.m.<\/p>\n\n\n\n<p>Duraci\u00f3n aproximada de la actividad 1hr 30min,<\/p>\n\n\n\n<p>Costo: $30 (incluye entrada al museo y materiales)<\/p>\n\n\n\n<p>Cupo limitado a 10 personas por horario.<\/p>\n\n\n\n<p>Actividad recomendada para mayores de 8 a\u00f1os.<\/p>\n\n\n\n<p>Informes y reservaciones:&nbsp;<a href=\"mailto:afacio@museoarocena.com?subject=Informes%20%22La%20mujer%20en%20la%20Nueva%20Espa%C3%B1a%22\">afacio@museoarocena.com<\/a>&nbsp;\/&nbsp;871 712 02 33&nbsp;ext. 137<\/p>\n","protected":false},"excerpt":{"rendered":"<p>Museo Arocena Conmemora el D\u00eda Internacional de la Mujer durante el mes de marzo con este recorrido tem\u00e1tico en el que conocer\u00e1s la vida cotidiana de las mujeres novohispanas a &hellip; <a href=\"https:\/\/lavereda.com.mx\/index.php\/2022\/03\/16\/museo-arocena-presenta-recorrido-de-la-mujer\/\" class=\"more-link\">Leer m\u00e1s<\/a><\/p>\n","protected":false},"author":1,"featured_media":3337,"comment_status":"open","ping_status":"open","sticky":false,"template":"","format":"standard","meta":{"footnotes":""},"categories":[3,18],"tags":[],"class_list":["post-3336","post","type-post","status-publish","format-standard","has-post-thumbnail","hentry","category-artes-visuales","category-lomasrelevante","entry"],"_links":{"self":[{"href":"https:\/\/lavereda.com.mx\/index.php\/wp-json\/wp\/v2\/posts\/3336","targetHints":{"allow":["GET"]}}],"collection":[{"href":"https:\/\/lavereda.com.mx\/index.php\/wp-json\/wp\/v2\/posts"}],"about":[{"href":"https:\/\/lavereda.com.mx\/index.php\/wp-json\/wp\/v2\/types\/post"}],"author":[{"embeddable":true,"href":"https:\/\/lavereda.com.mx\/index.php\/wp-json\/wp\/v2\/users\/1"}],"replies":[{"embeddable":true,"href":"https:\/\/lavereda.com.mx\/index.php\/wp-json\/wp\/v2\/comments?post=3336"}],"version-history":[{"count":1,"href":"https:\/\/lavereda.com.mx\/index.php\/wp-json\/wp\/v2\/posts\/3336\/revisions"}],"predecessor-version":[{"id":3338,"href":"https:\/\/lavereda.com.mx\/index.php\/wp-json\/wp\/v2\/posts\/3336\/revisions\/3338"}],"wp:featuredmedia":[{"embeddable":true,"href":"https:\/\/lavereda.com.mx\/index.php\/wp-json\/wp\/v2\/media\/3337"}],"wp:attachment":[{"href":"https:\/\/lavereda.com.mx\/index.php\/wp-json\/wp\/v2\/media?parent=3336"}],"wp:term":[{"taxonomy":"category","embeddable":true,"href":"https:\/\/lavereda.com.mx\/index.php\/wp-json\/wp\/v2\/categories?post=3336"},{"taxonomy":"post_tag","embeddable":true,"href":"https:\/\/lavereda.com.mx\/index.php\/wp-json\/wp\/v2\/tags?post=3336"}],"curies":[{"name":"wp","href":"https:\/\/api.w.org\/{rel}","templated":true}]}}